{"id":171963,"date":"2020-05-29T06:29:10","date_gmt":"2020-05-29T09:29:10","guid":{"rendered":"https:\/\/www.caririemacao.com\/1\/?p=171963"},"modified":"2020-05-29T06:29:10","modified_gmt":"2020-05-29T09:29:10","slug":"secretaria-de-saude-de-caraubas-publica-novo-boletim-atualizado-de-covid-19","status":"publish","type":"post","link":"https:\/\/www.caririemacao.com\/1\/2020\/05\/29\/secretaria-de-saude-de-caraubas-publica-novo-boletim-atualizado-de-covid-19\/","title":{"rendered":"Secretaria de Sa\u00fade de Cara\u00fabas publica novo boletim atualizado de Covid-19"},"content":{"rendered":"\n<p>O Departamento de Vigil\u00e2ncia em Sa\u00fade Epidemiol\u00f3gica da Secretaria da Sa\u00fade de Cara\u00fabas divulgou os novos n\u00fameros atualizados da COVID 19, no munic\u00edpio.<\/p>\n\n\n\n<p> Cara\u00fabas aumentou o n\u00famero de casos notificados, mas continua sem casos confirmados.<\/p>\n\n\n\n<p> Ao todo s\u00e3o 06 casos em investiga\u00e7\u00e3o, 08 casos em isolamento, 17 casos notificados, 11 casos negativos e nenhum confirmado.<\/p>\n","protected":false},"excerpt":{"rendered":"<p>O Departamento de Vigil\u00e2ncia em Sa\u00fade Epidemiol\u00f3gica da Secretaria da Sa\u00fade de Cara\u00fabas divulgou os novos n\u00fameros atualizados da COVID 19, no munic\u00edpio. Cara\u00fabas aumentou&hellip; <\/p>\n","protected":false},"author":1,"featured_media":171969,"comment_status":"closed","ping_status":"closed","sticky":false,"template":"","format":"standard","meta":{"sfsi_plus_gutenberg_text_before_share":"","sfsi_plus_gutenberg_show_text_before_share":"","sfsi_plus_gutenberg_icon_type":"","sfsi_plus_gutenberg_icon_alignemt":"","sfsi_plus_gutenburg_max_per_row":"","footnotes":""},"categories":[6,50,16],"tags":[],"class_list":["post-171963","post","type-post","status-publish","format-standard","has-post-thumbnail","hentry","category-cidades","category-destaque","category-saude"],"_links":{"self":[{"href":"https:\/\/www.caririemacao.com\/1\/wp-json\/wp\/v2\/posts\/171963","targetHints":{"allow":["GET"]}}],"collection":[{"href":"https:\/\/www.caririemacao.com\/1\/wp-json\/wp\/v2\/posts"}],"about":[{"href":"https:\/\/www.caririemacao.com\/1\/wp-json\/wp\/v2\/types\/post"}],"author":[{"embeddable":true,"href":"https:\/\/www.caririemacao.com\/1\/wp-json\/wp\/v2\/users\/1"}],"replies":[{"embeddable":true,"href":"https:\/\/www.caririemacao.com\/1\/wp-json\/wp\/v2\/comments?post=171963"}],"version-history":[{"count":1,"href":"https:\/\/www.caririemacao.com\/1\/wp-json\/wp\/v2\/posts\/171963\/revisions"}],"predecessor-version":[{"id":171971,"href":"https:\/\/www.caririemacao.com\/1\/wp-json\/wp\/v2\/posts\/171963\/revisions\/171971"}],"wp:featuredmedia":[{"embeddable":true,"href":"https:\/\/www.caririemacao.com\/1\/wp-json\/wp\/v2\/media\/171969"}],"wp:attachment":[{"href":"https:\/\/www.caririemacao.com\/1\/wp-json\/wp\/v2\/media?parent=171963"}],"wp:term":[{"taxonomy":"category","embeddable":true,"href":"https:\/\/www.caririemacao.com\/1\/wp-json\/wp\/v2\/categories?post=171963"},{"taxonomy":"post_tag","embeddable":true,"href":"https:\/\/www.caririemacao.com\/1\/wp-json\/wp\/v2\/tags?post=171963"}],"curies":[{"name":"wp","href":"https:\/\/api.w.org\/{rel}","templated":true}]}}