{"id":171964,"date":"2020-05-29T06:25:34","date_gmt":"2020-05-29T09:25:34","guid":{"rendered":"https:\/\/www.caririemacao.com\/1\/?p=171964"},"modified":"2020-05-29T06:25:34","modified_gmt":"2020-05-29T09:25:34","slug":"prefeitura-de-sao-jose-dos-cordeiros-divulga-boletim-do-coronavirus","status":"publish","type":"post","link":"https:\/\/www.caririemacao.com\/1\/2020\/05\/29\/prefeitura-de-sao-jose-dos-cordeiros-divulga-boletim-do-coronavirus\/","title":{"rendered":"Prefeitura de S\u00e3o Jos\u00e9 dos Cordeiros divulga boletim do coronav\u00edrus"},"content":{"rendered":"\n<p>A Secretaria Municipal de Sa\u00fade de S\u00e3o Jos\u00e9 dos Cordeiros esclarece que, em rela\u00e7\u00e3o ao Boletim Epidemiol\u00f3gico desta quarta-feira (27), divulgado pelo Governo do Estado, houve o acr\u00e9scimo indevido de uma pessoa a mais confirmada com a Covid-19 no munic\u00edpio.<\/p>\n\n\n\n<p>A Equipe T\u00e9cnica Estadual j\u00e1 confirmou a inconsist\u00eancia em seu sistema e nos informou que ir\u00e1 corrigir o equ\u00edvoco o mais r\u00e1pido poss\u00edvel.<\/p>\n\n\n\n<p>Ratificamos que, at\u00e9 o final da tarde desta quinta-feira (28), o munic\u00edpio de S\u00e3o Jos\u00e9 dos Cordeiros possui 03 casos confirmados de Covid-19 e agora est\u00e1 investigando 4 pacientes com sintomas gripais.<\/p>\n","protected":false},"excerpt":{"rendered":"<p>A Secretaria Municipal de Sa\u00fade de S\u00e3o Jos\u00e9 dos Cordeiros esclarece que, em rela\u00e7\u00e3o ao Boletim Epidemiol\u00f3gico desta quarta-feira (27), divulgado pelo Governo do Estado,&hellip; <\/p>\n","protected":false},"author":2,"featured_media":171966,"comment_status":"closed","ping_status":"closed","sticky":false,"template":"","format":"standard","meta":{"sfsi_plus_gutenberg_text_before_share":"","sfsi_plus_gutenberg_show_text_before_share":"","sfsi_plus_gutenberg_icon_type":"","sfsi_plus_gutenberg_icon_alignemt":"","sfsi_plus_gutenburg_max_per_row":"","footnotes":""},"categories":[6],"tags":[],"class_list":["post-171964","post","type-post","status-publish","format-standard","has-post-thumbnail","hentry","category-cidades"],"_links":{"self":[{"href":"https:\/\/www.caririemacao.com\/1\/wp-json\/wp\/v2\/posts\/171964","targetHints":{"allow":["GET"]}}],"collection":[{"href":"https:\/\/www.caririemacao.com\/1\/wp-json\/wp\/v2\/posts"}],"about":[{"href":"https:\/\/www.caririemacao.com\/1\/wp-json\/wp\/v2\/types\/post"}],"author":[{"embeddable":true,"href":"https:\/\/www.caririemacao.com\/1\/wp-json\/wp\/v2\/users\/2"}],"replies":[{"embeddable":true,"href":"https:\/\/www.caririemacao.com\/1\/wp-json\/wp\/v2\/comments?post=171964"}],"version-history":[{"count":1,"href":"https:\/\/www.caririemacao.com\/1\/wp-json\/wp\/v2\/posts\/171964\/revisions"}],"predecessor-version":[{"id":171967,"href":"https:\/\/www.caririemacao.com\/1\/wp-json\/wp\/v2\/posts\/171964\/revisions\/171967"}],"wp:featuredmedia":[{"embeddable":true,"href":"https:\/\/www.caririemacao.com\/1\/wp-json\/wp\/v2\/media\/171966"}],"wp:attachment":[{"href":"https:\/\/www.caririemacao.com\/1\/wp-json\/wp\/v2\/media?parent=171964"}],"wp:term":[{"taxonomy":"category","embeddable":true,"href":"https:\/\/www.caririemacao.com\/1\/wp-json\/wp\/v2\/categories?post=171964"},{"taxonomy":"post_tag","embeddable":true,"href":"https:\/\/www.caririemacao.com\/1\/wp-json\/wp\/v2\/tags?post=171964"}],"curies":[{"name":"wp","href":"https:\/\/api.w.org\/{rel}","templated":true}]}}