{"id":171970,"date":"2020-05-29T06:29:49","date_gmt":"2020-05-29T09:29:49","guid":{"rendered":"https:\/\/www.caririemacao.com\/1\/?p=171970"},"modified":"2020-05-29T06:29:49","modified_gmt":"2020-05-29T09:29:49","slug":"brasil-registra-1585-mil-pessoas-curadas-do-coronavirus","status":"publish","type":"post","link":"https:\/\/www.caririemacao.com\/1\/2020\/05\/29\/brasil-registra-1585-mil-pessoas-curadas-do-coronavirus\/","title":{"rendered":"Brasil registra 158,5 mil pessoas curadas do coronav\u00edrus"},"content":{"rendered":"\n<h1 class=\"wp-block-heading\"><\/h1>\n\n\n\n<p>O Brasil registrou nesta ter\u00e7a-feira (26) o total de 158.593 pessoas curadas do coronav\u00edrus, o que representa 40,5% do total de casos confirmados atualmente (391.222). Foram 4.760 pessoas recuperadas da doen\u00e7a em 24h, n\u00famero que tem crescido dia ap\u00f3s dia. Outros 208.117 casos est\u00e3o recebendo acompanhamento m\u00e9dico em todo o Brasil. As informa\u00e7\u00f5es foram atualizadas pelas Secretarias Estaduais de Sa\u00fade do Brasil at\u00e9 as 19h desta ter\u00e7a (26).<\/p>\n\n\n\n<p>Os n\u00fameros crescentes de pessoas curadas s\u00e3o resultado do empenho constante e di\u00e1rio do Governo do Brasil, que n\u00e3o tem medido esfor\u00e7os para garantir atendimento m\u00e9dico e diagn\u00f3stico de qualidade dos casos leves, moderados e graves da doen\u00e7a por meio do Sistema \u00danico de Sa\u00fade (SUS). As iniciativas para cuidar da sa\u00fade de todos t\u00eam sido adotadas em parceria com as secretarias de sa\u00fade estaduais e municipais. As a\u00e7\u00f5es s\u00e3o monitoradas e avaliadas diariamente, seguindo par\u00e2metros e necessidades de cada estado ou munic\u00edpio. Al\u00e9m de recursos financeiros, est\u00e3o sendo realizados investimentos constantes na aquisi\u00e7\u00e3o de insumos, respiradores, testes de diagn\u00f3stico, rem\u00e9dios e equipamentos de prote\u00e7\u00e3o individual para os profissionais de sa\u00fade, al\u00e9m da habilita\u00e7\u00e3o de leitos de UTI exclusivos para os pacientes graves ou grav\u00edssimos do coronav\u00edrus.<\/p>\n\n\n\n<p>Nesta ter\u00e7a-feira (26), o ministro interino da Sa\u00fade, Eduardo Pazuello, esteve em Manaus participando da inaugura\u00e7\u00e3o da ala ind\u00edgena do Hospital de Retaguarda Nilton Lins, que far\u00e1 atendimento exclusivo aos pacientes ind\u00edgenas do coronav\u00edrus. Nesta quarta (27), Pazuello cumprir\u00e1 agenda no Par\u00e1, outro estado bastante atingido pela doen\u00e7a, onde vai visitar unidades de sa\u00fade voltadas para diagn\u00f3stico e atendimentos dos casos moderados e graves, al\u00e9m de conhecer as instala\u00e7\u00f5es do Hospital de Campanha de Bel\u00e9m, voltado para os casos leves e moderados.<\/p>\n\n\n\n<p>At\u00e9 o momento, o pa\u00eds registra 24.512 \u00f3bitos, sendo que 1.039 foram registrados nos sistemas de informa\u00e7\u00e3o oficiais do Minist\u00e9rio da Sa\u00fade nas \u00faltimas 24h. No entanto, maioria dos casos aconteceu em outros dias. Isso porque as notifica\u00e7\u00f5es ocorrem apenas ap\u00f3s a conclus\u00e3o da investiga\u00e7\u00e3o dos motivos das mortes pelas Secretarias Estaduais e Municipais de Sa\u00fade. Assim, do total de novos registros, 284 \u00f3bitos ocorreram, de fato, nos \u00faltimos tr\u00eas dias e outros 3.882 est\u00e3o em investiga\u00e7\u00e3o.<\/p>\n\n\n\n<p>Cerca de dois mil munic\u00edpios do pa\u00eds n\u00e3o possuem casos de coronav\u00edrus e mais de 70% das cidades n\u00e3o registram nenhum \u00f3bito pela doen\u00e7a. A taxa de letalidade atualmente da doen\u00e7a \u00e9 de 6,3%, considerando o total de casos confirmados.<\/p>\n\n\n\n<h2 class=\"wp-block-heading\"><strong>CEN\u00c1RIO INTERNACIONAL<\/strong><\/h2>\n\n\n\n<p>At\u00e9 a \u00faltima quinta-feira (21), o Brasil ocupava a terceira posi\u00e7\u00e3o em rela\u00e7\u00e3o ao n\u00famero de casos (291.579) e a sexta considerando o registro de \u00f3bitos (18.859). Contudo, quando considerado o par\u00e2metro populacional, por milh\u00e3o de habitantes, entre os pa\u00edses de todo o mundo, o Brasil ocupa a 51\u00aa posi\u00e7\u00e3o em rela\u00e7\u00e3o aos casos confirmados e a 14\u00aa coloca\u00e7\u00e3o no que se refere ao n\u00famero de \u00f3bitos. A medida populacional \u00e9 a taxa padr\u00e3o para compara\u00e7\u00f5es entre os pa\u00edses.<\/p>\n\n\n\n<h2 class=\"wp-block-heading\"><strong>SITUA\u00c7\u00c3O DE HOJE: 26\/05\/2020 &#8211; 19h<\/strong><\/h2>\n\n\n\n<p>&#x25b6;&#xfe0f; 391.222 diagnosticados com COVID-19<br>&#x25b6;&#xfe0f; 208.117 em acompanhamento (53,2%)<br>&#x25b6;&#xfe0f; 158.593 recuperados* (40,5%)<br>&#x25b6;&#xfe0f; 24.512 \u00f3bitos (6,3%)<br>&nbsp; &nbsp; &#x23fa;&#xfe0f; 284 \u00f3bitos nos \u00faltimos 3 dias<br>&nbsp; &nbsp; &#x23fa;&#xfe0f; 3.882 \u00f3bitos em investiga\u00e7\u00e3o<br><em>*estimativas sujeitas \u00e0 revis\u00e3o.<\/em><\/p>\n","protected":false},"excerpt":{"rendered":"<p>O Brasil registrou nesta ter\u00e7a-feira (26) o total de 158.593 pessoas curadas do coronav\u00edrus, o que representa 40,5% do total de casos confirmados atualmente (391.222).&hellip; <\/p>\n","protected":false},"author":2,"featured_media":170821,"comment_status":"closed","ping_status":"closed","sticky":false,"template":"","format":"standard","meta":{"sfsi_plus_gutenberg_text_before_share":"","sfsi_plus_gutenberg_show_text_before_share":"","sfsi_plus_gutenberg_icon_type":"","sfsi_plus_gutenberg_icon_alignemt":"","sfsi_plus_gutenburg_max_per_row":"","footnotes":""},"categories":[2],"tags":[],"class_list":["post-171970","post","type-post","status-publish","format-standard","has-post-thumbnail","hentry","category-geral"],"_links":{"self":[{"href":"https:\/\/www.caririemacao.com\/1\/wp-json\/wp\/v2\/posts\/171970","targetHints":{"allow":["GET"]}}],"collection":[{"href":"https:\/\/www.caririemacao.com\/1\/wp-json\/wp\/v2\/posts"}],"about":[{"href":"https:\/\/www.caririemacao.com\/1\/wp-json\/wp\/v2\/types\/post"}],"author":[{"embeddable":true,"href":"https:\/\/www.caririemacao.com\/1\/wp-json\/wp\/v2\/users\/2"}],"replies":[{"embeddable":true,"href":"https:\/\/www.caririemacao.com\/1\/wp-json\/wp\/v2\/comments?post=171970"}],"version-history":[{"count":1,"href":"https:\/\/www.caririemacao.com\/1\/wp-json\/wp\/v2\/posts\/171970\/revisions"}],"predecessor-version":[{"id":171973,"href":"https:\/\/www.caririemacao.com\/1\/wp-json\/wp\/v2\/posts\/171970\/revisions\/171973"}],"wp:featuredmedia":[{"embeddable":true,"href":"https:\/\/www.caririemacao.com\/1\/wp-json\/wp\/v2\/media\/170821"}],"wp:attachment":[{"href":"https:\/\/www.caririemacao.com\/1\/wp-json\/wp\/v2\/media?parent=171970"}],"wp:term":[{"taxonomy":"category","embeddable":true,"href":"https:\/\/www.caririemacao.com\/1\/wp-json\/wp\/v2\/categories?post=171970"},{"taxonomy":"post_tag","embeddable":true,"href":"https:\/\/www.caririemacao.com\/1\/wp-json\/wp\/v2\/tags?post=171970"}],"curies":[{"name":"wp","href":"https:\/\/api.w.org\/{rel}","templated":true}]}}