{"id":171972,"date":"2020-05-29T06:36:38","date_gmt":"2020-05-29T09:36:38","guid":{"rendered":"https:\/\/www.caririemacao.com\/1\/?p=171972"},"modified":"2020-05-29T06:39:46","modified_gmt":"2020-05-29T09:39:46","slug":"secretaria-de-educacao-de-caraubas-anuncia-atribuicao-e-mais-kits-da-merenda-escolar-nesta-sexta","status":"publish","type":"post","link":"https:\/\/www.caririemacao.com\/1\/2020\/05\/29\/secretaria-de-educacao-de-caraubas-anuncia-atribuicao-e-mais-kits-da-merenda-escolar-nesta-sexta\/","title":{"rendered":"Secretaria de Educa\u00e7\u00e3o de Cara\u00fabas anuncia distribui\u00e7\u00e3o de mais Kits da merenda escolar, nesta sexta"},"content":{"rendered":"\n<p>A Secretaria da Educa\u00e7\u00e3o do munic\u00edpio de Cara\u00fabas  anunciou que haver\u00e1 nesta sexta-feira dia 29, a distribui\u00e7\u00e3o de mais  kits da Merenda Escolar nas comunidades da Passagem e Ponta de Serra, <\/p>\n\n\n\n<p>&#8220;Aten\u00e7\u00e3o senhores pais de alunos ou respons\u00e1veis. Daremos continuidade a distribui\u00e7\u00e3o do kit da Merenda Escolar dos alunos regularmente matriculados na rede p\u00fablica de ensino do munic\u00edpio de Cara\u00fabas&#8221;. disse a Secretaria de Educa\u00e7\u00e3o. <\/p>\n","protected":false},"excerpt":{"rendered":"<p>A Secretaria da Educa\u00e7\u00e3o do munic\u00edpio de Cara\u00fabas anunciou que haver\u00e1 nesta sexta-feira dia 29, a distribui\u00e7\u00e3o de mais kits da Merenda Escolar nas comunidades&hellip; <\/p>\n","protected":false},"author":1,"featured_media":171975,"comment_status":"closed","ping_status":"closed","sticky":false,"template":"","format":"standard","meta":{"sfsi_plus_gutenberg_text_before_share":"","sfsi_plus_gutenberg_show_text_before_share":"","sfsi_plus_gutenberg_icon_type":"","sfsi_plus_gutenberg_icon_alignemt":"","sfsi_plus_gutenburg_max_per_row":"","footnotes":""},"categories":[6,50],"tags":[],"class_list":["post-171972","post","type-post","status-publish","format-standard","has-post-thumbnail","hentry","category-cidades","category-destaque"],"_links":{"self":[{"href":"https:\/\/www.caririemacao.com\/1\/wp-json\/wp\/v2\/posts\/171972","targetHints":{"allow":["GET"]}}],"collection":[{"href":"https:\/\/www.caririemacao.com\/1\/wp-json\/wp\/v2\/posts"}],"about":[{"href":"https:\/\/www.caririemacao.com\/1\/wp-json\/wp\/v2\/types\/post"}],"author":[{"embeddable":true,"href":"https:\/\/www.caririemacao.com\/1\/wp-json\/wp\/v2\/users\/1"}],"replies":[{"embeddable":true,"href":"https:\/\/www.caririemacao.com\/1\/wp-json\/wp\/v2\/comments?post=171972"}],"version-history":[{"count":3,"href":"https:\/\/www.caririemacao.com\/1\/wp-json\/wp\/v2\/posts\/171972\/revisions"}],"predecessor-version":[{"id":171978,"href":"https:\/\/www.caririemacao.com\/1\/wp-json\/wp\/v2\/posts\/171972\/revisions\/171978"}],"wp:featuredmedia":[{"embeddable":true,"href":"https:\/\/www.caririemacao.com\/1\/wp-json\/wp\/v2\/media\/171975"}],"wp:attachment":[{"href":"https:\/\/www.caririemacao.com\/1\/wp-json\/wp\/v2\/media?parent=171972"}],"wp:term":[{"taxonomy":"category","embeddable":true,"href":"https:\/\/www.caririemacao.com\/1\/wp-json\/wp\/v2\/categories?post=171972"},{"taxonomy":"post_tag","embeddable":true,"href":"https:\/\/www.caririemacao.com\/1\/wp-json\/wp\/v2\/tags?post=171972"}],"curies":[{"name":"wp","href":"https:\/\/api.w.org\/{rel}","templated":true}]}}