{"id":171979,"date":"2020-05-29T06:51:14","date_gmt":"2020-05-29T09:51:14","guid":{"rendered":"https:\/\/www.caririemacao.com\/1\/?p=171979"},"modified":"2020-05-29T06:51:14","modified_gmt":"2020-05-29T09:51:14","slug":"prefeito-de-sao-jose-dos-cordeiros-anuncia-conclusao-de-calcamento-de-mais-uma-rua-no-municipio","status":"publish","type":"post","link":"https:\/\/www.caririemacao.com\/1\/2020\/05\/29\/prefeito-de-sao-jose-dos-cordeiros-anuncia-conclusao-de-calcamento-de-mais-uma-rua-no-municipio\/","title":{"rendered":"Prefeito de S\u00e3o Jos\u00e9 dos Cordeiros anuncia conclus\u00e3o de cal\u00e7amento de mais uma rua no munic\u00edpio"},"content":{"rendered":"\n<p>O prefeito do munic\u00edpio de S\u00e3o Jos\u00e9 dos Cordeiros, Jefferson Roberto, publicou em suas redes sociais, atualiza\u00e7\u00f5es sobre mais uma a\u00e7\u00e3o da prefeitura que vem sendo desenvolvida no munic\u00edpio. Desta vez, trata-se da conclus\u00e3o do cal\u00e7amento de mais uma rua no munic\u00edpio. <\/p>\n\n\n\n<p>&#8220;Rua conclu\u00edda em atendimento a mais uma demanda da nossa popula\u00e7\u00e3o. Que Deus nos aben\u00e7oe e que possamos fazer muito mais at\u00e9 o fim do nosso mandato&#8221;, disse o prefeito, Jefferson Roberto. <\/p>\n","protected":false},"excerpt":{"rendered":"<p>O prefeito do munic\u00edpio de S\u00e3o Jos\u00e9 dos Cordeiros, Jefferson Roberto, publicou em suas redes sociais, atualiza\u00e7\u00f5es sobre mais uma a\u00e7\u00e3o da prefeitura que vem&hellip; <\/p>\n","protected":false},"author":1,"featured_media":171981,"comment_status":"closed","ping_status":"closed","sticky":false,"template":"","format":"standard","meta":{"sfsi_plus_gutenberg_text_before_share":"","sfsi_plus_gutenberg_show_text_before_share":"","sfsi_plus_gutenberg_icon_type":"","sfsi_plus_gutenberg_icon_alignemt":"","sfsi_plus_gutenburg_max_per_row":"","footnotes":""},"categories":[6,50],"tags":[],"class_list":["post-171979","post","type-post","status-publish","format-standard","has-post-thumbnail","hentry","category-cidades","category-destaque"],"_links":{"self":[{"href":"https:\/\/www.caririemacao.com\/1\/wp-json\/wp\/v2\/posts\/171979","targetHints":{"allow":["GET"]}}],"collection":[{"href":"https:\/\/www.caririemacao.com\/1\/wp-json\/wp\/v2\/posts"}],"about":[{"href":"https:\/\/www.caririemacao.com\/1\/wp-json\/wp\/v2\/types\/post"}],"author":[{"embeddable":true,"href":"https:\/\/www.caririemacao.com\/1\/wp-json\/wp\/v2\/users\/1"}],"replies":[{"embeddable":true,"href":"https:\/\/www.caririemacao.com\/1\/wp-json\/wp\/v2\/comments?post=171979"}],"version-history":[{"count":1,"href":"https:\/\/www.caririemacao.com\/1\/wp-json\/wp\/v2\/posts\/171979\/revisions"}],"predecessor-version":[{"id":171982,"href":"https:\/\/www.caririemacao.com\/1\/wp-json\/wp\/v2\/posts\/171979\/revisions\/171982"}],"wp:featuredmedia":[{"embeddable":true,"href":"https:\/\/www.caririemacao.com\/1\/wp-json\/wp\/v2\/media\/171981"}],"wp:attachment":[{"href":"https:\/\/www.caririemacao.com\/1\/wp-json\/wp\/v2\/media?parent=171979"}],"wp:term":[{"taxonomy":"category","embeddable":true,"href":"https:\/\/www.caririemacao.com\/1\/wp-json\/wp\/v2\/categories?post=171979"},{"taxonomy":"post_tag","embeddable":true,"href":"https:\/\/www.caririemacao.com\/1\/wp-json\/wp\/v2\/tags?post=171979"}],"curies":[{"name":"wp","href":"https:\/\/api.w.org\/{rel}","templated":true}]}}