{"id":171983,"date":"2020-05-29T07:07:19","date_gmt":"2020-05-29T10:07:19","guid":{"rendered":"https:\/\/www.caririemacao.com\/1\/?p=171983"},"modified":"2020-05-29T07:07:19","modified_gmt":"2020-05-29T10:07:19","slug":"auxilio-emergencial-prorrogado-seria-de-r-200-diz-secretario-da-fazenda","status":"publish","type":"post","link":"https:\/\/www.caririemacao.com\/1\/2020\/05\/29\/auxilio-emergencial-prorrogado-seria-de-r-200-diz-secretario-da-fazenda\/","title":{"rendered":"Aux\u00edlio emergencial prorrogado seria de R$ 200, diz secret\u00e1rio da Fazenda"},"content":{"rendered":"\n<h1 class=\"wp-block-heading\"><\/h1>\n\n\n\n<p>O secret\u00e1rio especial de Fazenda do Minist\u00e9rio da Economia, Waldery Rodrigues, afirmou nesta quinta-feira (28) que \u00e9 prov\u00e1vel que o aux\u00edlio emergencial a trabalhadores informais e intermitentes seja prorrogado para al\u00e9m dos tr\u00eas meses previstos inicialmente, mas que o valor deve ser reduzido de R$ 600 para R$ 200, porque \u00e9 um \u201cprograma caro\u201d.<\/p>\n\n\n\n<p>\u201cO aux\u00edlio emergencial ser\u00e1 prolongado? Muito provavelmente sim, mas com outro perfil, com outro formato. \u00c9 um programa valios\u00edssimo, de alta efetividade, mas tamb\u00e9m \u00e9 um programa caro. Custa, em m\u00e9dia, nesses tr\u00eas meses, algo como R$ 51,5 bilh\u00f5es, que, portanto, \u00e9 um valor muito alto. N\u00e3o cabe uma extens\u00e3o muito prolongada nas nossas contas\u201d, disse o secret\u00e1rio durante audi\u00eancia na comiss\u00e3o mista do Congresso para acompanhamento das a\u00e7\u00f5es de enfrentamento \u00e0 pandemia de Covid-19.<\/p>\n\n\n\n<p>Segundo Rodrigues, uma prorroga\u00e7\u00e3o de R$ 200 ter\u00e1 um custo mensal de cerca de R$ 17 bilh\u00f5es. \u201cPortanto, n\u00f3s estamos com aten\u00e7\u00e3o e queremos, com a cada movimento, dar prioridade \u00e0s camadas mais vulner\u00e1veis, aos segmentos mais vulner\u00e1veis da popula\u00e7\u00e3o\u201d.<\/p>\n","protected":false},"excerpt":{"rendered":"<p>O secret\u00e1rio especial de Fazenda do Minist\u00e9rio da Economia, Waldery Rodrigues, afirmou nesta quinta-feira (28) que \u00e9 prov\u00e1vel que o aux\u00edlio emergencial a trabalhadores informais&hellip; <\/p>\n","protected":false},"author":2,"featured_media":171984,"comment_status":"closed","ping_status":"closed","sticky":false,"template":"","format":"standard","meta":{"sfsi_plus_gutenberg_text_before_share":"","sfsi_plus_gutenberg_show_text_before_share":"","sfsi_plus_gutenberg_icon_type":"","sfsi_plus_gutenberg_icon_alignemt":"","sfsi_plus_gutenburg_max_per_row":"","footnotes":""},"categories":[2],"tags":[],"class_list":["post-171983","post","type-post","status-publish","format-standard","has-post-thumbnail","hentry","category-geral"],"_links":{"self":[{"href":"https:\/\/www.caririemacao.com\/1\/wp-json\/wp\/v2\/posts\/171983","targetHints":{"allow":["GET"]}}],"collection":[{"href":"https:\/\/www.caririemacao.com\/1\/wp-json\/wp\/v2\/posts"}],"about":[{"href":"https:\/\/www.caririemacao.com\/1\/wp-json\/wp\/v2\/types\/post"}],"author":[{"embeddable":true,"href":"https:\/\/www.caririemacao.com\/1\/wp-json\/wp\/v2\/users\/2"}],"replies":[{"embeddable":true,"href":"https:\/\/www.caririemacao.com\/1\/wp-json\/wp\/v2\/comments?post=171983"}],"version-history":[{"count":1,"href":"https:\/\/www.caririemacao.com\/1\/wp-json\/wp\/v2\/posts\/171983\/revisions"}],"predecessor-version":[{"id":171985,"href":"https:\/\/www.caririemacao.com\/1\/wp-json\/wp\/v2\/posts\/171983\/revisions\/171985"}],"wp:featuredmedia":[{"embeddable":true,"href":"https:\/\/www.caririemacao.com\/1\/wp-json\/wp\/v2\/media\/171984"}],"wp:attachment":[{"href":"https:\/\/www.caririemacao.com\/1\/wp-json\/wp\/v2\/media?parent=171983"}],"wp:term":[{"taxonomy":"category","embeddable":true,"href":"https:\/\/www.caririemacao.com\/1\/wp-json\/wp\/v2\/categories?post=171983"},{"taxonomy":"post_tag","embeddable":true,"href":"https:\/\/www.caririemacao.com\/1\/wp-json\/wp\/v2\/tags?post=171983"}],"curies":[{"name":"wp","href":"https:\/\/api.w.org\/{rel}","templated":true}]}}