{"id":171987,"date":"2020-05-29T07:12:02","date_gmt":"2020-05-29T10:12:02","guid":{"rendered":"https:\/\/www.caririemacao.com\/1\/?p=171987"},"modified":"2020-05-29T07:12:02","modified_gmt":"2020-05-29T10:12:02","slug":"com-923-novos-casos-confirmados-nas-ultimas-24h-paraiba-ultrapassa-a-marca-de-11-mil-diagnosticados-com-covid-19","status":"publish","type":"post","link":"https:\/\/www.caririemacao.com\/1\/2020\/05\/29\/com-923-novos-casos-confirmados-nas-ultimas-24h-paraiba-ultrapassa-a-marca-de-11-mil-diagnosticados-com-covid-19\/","title":{"rendered":"Com 923 novos casos confirmados nas \u00faltimas 24h, Para\u00edba ultrapassa a marca de 11 mil diagnosticados com covid-19"},"content":{"rendered":"\n<h1 class=\"wp-block-heading\"><\/h1>\n\n\n\n<p>A Para\u00edba registrou at\u00e9 a tarde desta quinta-feira (28) um total de 11.132 infectados com a covid-19. Os n\u00fameros divulgados tamb\u00e9m incluem o total de casos descartados, com 8.495 at\u00e9 o momento, e 318 mortes confirmadas. S\u00e3o 923 novos casos de Covid-19 e 20 mortes confirmadas&nbsp;<a href=\"https:\/\/www.clickpb.com.br\/saude\/com-1290-novos-casos-confirmados-nas-ultimas-24h-paraiba-ultrapassa-marca-de-10-mil-casos-de-covid-19-diagnosticados-284773.html\">desde a ultima atualiza\u00e7\u00e3o.<\/a>&nbsp;<\/p>\n\n\n\n<ul class=\"wp-block-list\"><li>Casos Confirmados:&nbsp; 11.132<\/li><li>Casos Descartados: 8495<\/li><li>\u00d3bitos confirmados: 318<\/li><li>Casos recuperados: 2430<\/li><li>Total de munic\u00edpios: 189<\/li><\/ul>\n\n\n\n<p>O aumento de casos nos \u00faltimos dias \u00e9 resultado da amplia\u00e7\u00e3o da capacidade de testagem e diagn\u00f3stico da popula\u00e7\u00e3o.&nbsp;<\/p>\n\n\n\n<p><strong>LEIA MAIS<\/strong>:&nbsp;<a href=\"https:\/\/www.clickpb.com.br\/paraiba\/prefeito-de-joao-pessoa-decreta-luto-oficial-de-tres-dias-pelas-mais-de-100-vitimas-da-covid-19-na-cidade-284810.html\">Prefeito de Jo\u00e3o Pessoa decreta luto oficial de tr\u00eas dias pelas mais de 100 v\u00edtimas da Covid-19 na cidade<\/a><\/p>\n\n\n\n<p>A ocupa\u00e7\u00e3o de leitos de UTI em todo o estado \u00e9 de 77%. Se fizermos um recorte apenas dos leitos de UTI para adultos na Regi\u00e3o Metropolitana de Jo\u00e3o Pessoa, 89% est\u00e3o ocupados. Chama aten\u00e7\u00e3o a ocupa\u00e7\u00e3o de leitos adultos para Covid-19 em Campina Grande, onde est\u00e3o ocupados 95% de leitos de UTI e 82% das enfermarias. No sert\u00e3o, 51% dos leitos de UTI est\u00e3o ocupados. Apenas, 42% da popula\u00e7\u00e3o seguiu a recomenda\u00e7\u00e3o de Isolamento Social.&nbsp;<\/p>\n\n\n\n<p>Os casos confirmados est\u00e3o em 189 dos 223 munic\u00edpios paraibanos:<\/p>\n\n\n\n<p>\u00c1gua Branca (2); Aguiar (1); Alagoa Grande (68); Alagoa Nova (19); Alagoinha (89); Alcantil (1) Alhandra (113); Amparo (11); Aparecida (4); Ara\u00e7agi (24); Arara (8); Araruna (2); Areia (43); Areia de Bara\u00fanas (1); Areial (8); Aroeiras (20); Assun\u00e7\u00e3o (3); Baia da Trai\u00e7\u00e3o (42); Bananeiras (16); Barra de Santa Rosa (3); Barra de Santana (13); Barra de S\u00e3o Miguel (2); Bayeux (263); Bel\u00e9m (25); Bel\u00e9m do Brejo do Cruz (1);Boa Ventura (1);&nbsp; Boa Vista (23); Bom Jesus (1); Boqueir\u00e3o (12); Borborema (1);&nbsp; Brejo do Cruz (4); Caapor\u00e3 (296); Cabaceiras (1); Cabedelo (644); Cachoeira dos \u00cdndios (4); Cacimba de Dentro (23); Cacimbas (2); Cai\u00e7ara (21); Cajazeiras (72); Cajazeirinhas (1); Caldas Brand\u00e3o (14); Campina Grande (1180); Capim (34);&nbsp; Carrapateira (1); Casserengue (7); Catingueira (3), Catol\u00e9 do Rocha (32); Caturit\u00e9 (11); Concei\u00e7\u00e3o (4);&nbsp; Condado (37);&nbsp; Conde (79); Congo (11); Coremas (13); Coxixola (4); Cruz do Esp\u00edrito Santo (96); Cuit\u00e9 (10);&nbsp; Cuit\u00e9 de Mamanguape (3); Cuiteg\u00ed (43); Curral de Cima (7); Dami\u00e3o (1); Desterro (4); Dona In\u00eas (2); Duas Estradas (15); Emas (1); Esperan\u00e7a (50); Fagundes (6); Gado Bravo (21);&nbsp; Guarabira (493); Gurinh\u00e9m (31); Gurj\u00e3o (3); Ibiara (4); Igaracy (2); Imaculada (5); Ing\u00e1 (32); Itabaiana (143); Itaporanga (3); Itapororoca (28); Itatuba (43); Jacara\u00fa (7); Jeric\u00f3 (1);&nbsp; Jo\u00e3o Pessoa (3472); Joca Claudino (1); Juarez T\u00e1vora (17); Juazeirinho (46);&nbsp; Junco do Serid\u00f3 (8); Juripiranga (74); Juru (4); Lagoa (3); Lagoa de Dentro (7); Lagoa Seca (52); Lastro (1); Livramento (1); Logradouro (10); Lucena (54); M\u00e3e d&#8217;\u00c1gua (2); Malta (9); Mamanguape (108); Mana\u00edra (2); Marca\u00e7\u00e3o (1);&nbsp; Mari (91); Mariz\u00f3polis (3); Massaranduba (17); Mataraca (23); Matinhas (11); Mato Grosso (3); Matureia (10); Mogeiro (3);&nbsp; Montadas (4); Monteiro (19); Mulungu (15); Natuba (6); Nova Floresta (1), Nova Olinda (2); Olho D\u00b4\u00c1gua (7); Olivedos (1);&nbsp; Ouro Velho (1); Passagem (4); Patos (478); Paulista (14); Pedras de Fogo (189); Pedro R\u00e9gis (1); Pianc\u00f3 (14); Picu\u00ed (8); Pilar (37); Pil\u00f5es (8); Pil\u00f5ezinhos (51); Pirpirituba (16); Pitimbu (68); Pocinhos (6);&nbsp; Pombal (39); Princesa Isabel (7); Puxinan\u00e3 (24);&nbsp; Queimadas (64); Quixaba (4); Rem\u00edgio (39); Riach\u00e3o do Bacamarte (64);&nbsp; Riach\u00e3o do Po\u00e7o (1); Riacho de Santo Ant\u00f4nio (3); Riacho dos Cavalos (2); Rio Tinto (43); Salgadinho (5); Salgado de S\u00e3o Felix (25); Santa Cec\u00edlia (3); Santa Helena (1); Santa In\u00eas (1);&nbsp; Santa Luzia (37); Santa Rita (581); Santa Terezinha (12); Santana dos Garrotes (1); S\u00e3o Bentinho (9); S\u00e3o Bento (88); S\u00e3o Francisco (2);&nbsp; S\u00e3o Jo\u00e3o do Cariri (1); S\u00e3o Jo\u00e3o do Rio do Peixe (7); S\u00e3o Jo\u00e3o do Tigre (1); S\u00e3o Jos\u00e9 da Lagoa Tapada (13); S\u00e3o Jos\u00e9 de Caiana (10); S\u00e3o Jos\u00e9 de Espinharas (3); S\u00e3o Jos\u00e9 de Piranhas (4); S\u00e3o Jos\u00e9 do Bonfim (10); S\u00e3o Jos\u00e9 do Sabugi (53); S\u00e3o Jos\u00e9 dos Cordeiros (3); S\u00e3o Jos\u00e9 dos Ramos (9); S\u00e3o Mamede (12); S\u00e3o Miguel de Taipu (17);&nbsp; S\u00e3o Sebasti\u00e3o de Lagoa de Ro\u00e7a (4); S\u00e3o Sebasti\u00e3o do Umbuzeiro (1); S\u00e3o Vicente do Serid\u00f3 (11); Sap\u00e9 (184); Serra Branca (2); Serra da Ra\u00edz (9); Serra Redonda (26); Serraria (10); Sert\u00e3ozinho (9); Sobrado (17); Sol\u00e2nea (49); Soledade (7); Sousa (152); Sum\u00e9 (10); Tacima (9); Tapero\u00e1 (34); Tavares (6); Teixeira (13); Ten\u00f3rio (1); Uira\u00fana (4); Umbuzeiro (16); V\u00e1rzea (1); Vieir\u00f3polis (2); Vista Serrana (1).<\/p>\n\n\n\n<p>*Dados Oficiais preliminares (fonte e-sus VE e SIVEP) extra\u00eddos \u00e0s 10h do dia 28\/05 sujeitos a revis\u00e3o.<\/p>\n\n\n\n<p>20 \u00f3bitos foram confirmados:<\/p>\n\n\n\n<p>Mulher, 82 anos, hipertensa, obesa, residente em Pitimbu. In\u00edcio dos sintomas 15\/05, veio a \u00f3bito na sua resid\u00eancia no dia 19\/05.<\/p>\n\n\n\n<p>Homem, 56 anos, diab\u00e9tico, hipertenso, obeso, residente em Sap\u00e9. In\u00edcio dos sintomas 10\/05, interno em hospital p\u00fablico, veio a \u00f3bito no dia 15\/05.<\/p>\n\n\n\n<p>Mulher, 36 anos, sem informa\u00e7\u00e3o de comorbidade, residente em Jo\u00e3o Pessoa. In\u00edcio dos sintomas 10\/05, veio a \u00f3bito na Unidade de Pronto Atendimento no dia 16\/05.<\/p>\n\n\n\n<p>Homem, 54 anos, hipertenso, cardiopata, etilista, residente em Jo\u00e3o Pessoa. In\u00edcio dos sintomas 15\/05, veio a \u00f3bito na sua resid\u00eancia no dia 19\/05.<\/p>\n\n\n\n<p>Homem, 83 anos, portador de doen\u00e7a pulmonar obstrutiva cr\u00f4nica, insufici\u00eancia respirat\u00f3ria, residente em Bayeux. In\u00edcio dos sintomas 17\/05, veio a \u00f3bito na Unidade de Pronto Atendimento no dia 18\/05.<\/p>\n\n\n\n<p>Mulher, 97 anos, portadora de doen\u00e7a cardiovascular, residente em Campina Grande. In\u00edcio dos sintomas 12\/05, interna em hospital privado veio a \u00f3bito no dia 18\/05.<\/p>\n\n\n\n<p>Mulher, 71 anos, sem informa\u00e7\u00e3o de comorbidade, residente em Jo\u00e3o Pessoa.In\u00edcio dos sintomas 07\/05, veio na Unidade de Pronto Atendimento no dia 15\/05.<\/p>\n\n\n\n<p>Mulher, 60 anos, hipertensa, diab\u00e9tica, residente em Santa Rita. In\u00edcio dos sintomas 13\/05, veio a \u00f3bito na Unidade de Pronto Atendimento no dia 18\/05.<\/p>\n\n\n\n<p>Homem, 56 anos, sem informa\u00e7\u00e3o de comorbidade, residente em Jo\u00e3o Pessoa. In\u00edcio dos sintomas 11\/05, interno em hospital p\u00fablico, veio a \u00f3bito no dia no dia 24\/05.<\/p>\n\n\n\n<p>Homem, idoso 73 anos, hipertenso, tabagista, etilista, residente em Jo\u00e3o Pessoa. In\u00edcio dos sintomas 13\/05, veio a \u00f3bito na sua resid\u00eancia no dia no dia 19\/05.<\/p>\n\n\n\n<p>Homem, 53 anos, hipertenso, asm\u00e1tico, diab\u00e9tico, residente em Santa Rita. In\u00edcio dos sintomas 06\/05, veio a \u00f3bito na Unidade de Pronto Atendimento no dia 19\/05.<\/p>\n\n\n\n<p>Homem, idoso 80 anos, com comorbidade, diab\u00e9tico, residente em Itabaiana.In\u00edcio dos sintomas 15\/05, interno em hospital p\u00fablico veio a \u00f3bito no dia no dia 26\/05.<\/p>\n\n\n\n<p>Homem, idoso 78 anos, com comorbidade, diab\u00e9tico, residente em Juripiranga.In\u00edcio dos sintomas 15\/05, veio a \u00f3bito na Unidade de Pronto Atendimento no dia no dia 27\/05.<\/p>\n\n\n\n<p>Mulher, 43 anos, portadora de doen\u00e7a de Crohn e condi\u00e7\u00e3o s\u00edndrome de Down, residente em Jo\u00e3o Pessoa.In\u00edcio dos sintomas 23\/05, interna em hospital p\u00fablico veio a \u00f3bito no dia no dia 27\/05.<\/p>\n\n\n\n<p>Homem, idoso 77 anos, com comorbidade, asma, residente em Jo\u00e3o Pessoa.In\u00edcio dos sintomas 18\/05, interno em hospital p\u00fablico veio a \u00f3bito no dia no 26\/05.<\/p>\n\n\n\n<p>Homem, 89 anos, sem informa\u00e7\u00e3o de comorbidade, residente em Campina Grande. In\u00edcio dos sintomas 08\/05, interna em hospital p\u00fablico veio a \u00f3bito no dia no 13\/05.<\/p>\n\n\n\n<p>Homem, 89 anos,&nbsp; cardiopata, pneumopata, diab\u00e9tico, portador de problemas neurol\u00f3gicos, residente em Campina Grande. In\u00edcio dos sintomas 23\/05, interno em hospital p\u00fablico veio a \u00f3bito no dia no 24\/05.<\/p>\n\n\n\n<p>Homem, 50 anos, diab\u00e9tico, residente em Campina Grande. In\u00edcio dos sintomas 21\/05, interno em hospital p\u00fablico veio a \u00f3bito no dia no 25\/05.<\/p>\n\n\n\n<p>Mulher, 58 anos, diab\u00e9tica, hipertensa, residente em Patos. In\u00edcio dos sintomas 18\/05, interno em hospital p\u00fablico veio a \u00f3bito no dia no 21\/05.<\/p>\n\n\n\n<p>Homem, idoso 73 anos, portador de hipertireoidismo, hipertenso, residente em Patos. In\u00edcio dos sintomas 18\/05, interno em hospital p\u00fablico veio a \u00f3bito no dia no 21\/05.<\/p>\n","protected":false},"excerpt":{"rendered":"<p>A Para\u00edba registrou at\u00e9 a tarde desta quinta-feira (28) um total de 11.132 infectados com a covid-19. Os n\u00fameros divulgados tamb\u00e9m incluem o total de&hellip; <\/p>\n","protected":false},"author":2,"featured_media":171988,"comment_status":"closed","ping_status":"closed","sticky":false,"template":"","format":"standard","meta":{"sfsi_plus_gutenberg_text_before_share":"","sfsi_plus_gutenberg_show_text_before_share":"","sfsi_plus_gutenberg_icon_type":"","sfsi_plus_gutenberg_icon_alignemt":"","sfsi_plus_gutenburg_max_per_row":"","footnotes":""},"categories":[2],"tags":[],"class_list":["post-171987","post","type-post","status-publish","format-standard","has-post-thumbnail","hentry","category-geral"],"_links":{"self":[{"href":"https:\/\/www.caririemacao.com\/1\/wp-json\/wp\/v2\/posts\/171987","targetHints":{"allow":["GET"]}}],"collection":[{"href":"https:\/\/www.caririemacao.com\/1\/wp-json\/wp\/v2\/posts"}],"about":[{"href":"https:\/\/www.caririemacao.com\/1\/wp-json\/wp\/v2\/types\/post"}],"author":[{"embeddable":true,"href":"https:\/\/www.caririemacao.com\/1\/wp-json\/wp\/v2\/users\/2"}],"replies":[{"embeddable":true,"href":"https:\/\/www.caririemacao.com\/1\/wp-json\/wp\/v2\/comments?post=171987"}],"version-history":[{"count":1,"href":"https:\/\/www.caririemacao.com\/1\/wp-json\/wp\/v2\/posts\/171987\/revisions"}],"predecessor-version":[{"id":171989,"href":"https:\/\/www.caririemacao.com\/1\/wp-json\/wp\/v2\/posts\/171987\/revisions\/171989"}],"wp:featuredmedia":[{"embeddable":true,"href":"https:\/\/www.caririemacao.com\/1\/wp-json\/wp\/v2\/media\/171988"}],"wp:attachment":[{"href":"https:\/\/www.caririemacao.com\/1\/wp-json\/wp\/v2\/media?parent=171987"}],"wp:term":[{"taxonomy":"category","embeddable":true,"href":"https:\/\/www.caririemacao.com\/1\/wp-json\/wp\/v2\/categories?post=171987"},{"taxonomy":"post_tag","embeddable":true,"href":"https:\/\/www.caririemacao.com\/1\/wp-json\/wp\/v2\/tags?post=171987"}],"curies":[{"name":"wp","href":"https:\/\/api.w.org\/{rel}","templated":true}]}}