{"id":171991,"date":"2020-05-29T07:15:21","date_gmt":"2020-05-29T10:15:21","guid":{"rendered":"https:\/\/www.caririemacao.com\/1\/?p=171991"},"modified":"2020-05-29T07:15:21","modified_gmt":"2020-05-29T10:15:21","slug":"novo-decreto-de-enfrentamento-a-covid-19-na-paraiba-apresentara-plano-de-reabertura-do-comercio-industria-e-servicos","status":"publish","type":"post","link":"https:\/\/www.caririemacao.com\/1\/2020\/05\/29\/novo-decreto-de-enfrentamento-a-covid-19-na-paraiba-apresentara-plano-de-reabertura-do-comercio-industria-e-servicos\/","title":{"rendered":"Novo decreto de enfrentamento \u00e0 covid-19 na Para\u00edba apresentar\u00e1 plano de reabertura do com\u00e9rcio, ind\u00fastria e servi\u00e7os"},"content":{"rendered":"\n<h1 class=\"wp-block-heading\"><\/h1>\n\n\n\n<p>O novo decreto estadual de combate ao novo coronav\u00edrus ter\u00e1 a primeira vers\u00e3o do plano de retomada gradual do com\u00e9rcio, ind\u00fastria e servi\u00e7os na Para\u00edba. A informa\u00e7\u00e3o consta na nota conjunta emitida nesta quinta-feira (28) pelo governador Jo\u00e3o Azev\u00eado e prefeitos da regi\u00e3o metropolitana de Jo\u00e3o Pessoa. Assinaram a nota Jo\u00e3o Azev\u00eado,&nbsp;Luciano Cartaxo, Jefferson Kita, Emerson Panta, M\u00e1rcia Lucena e Vitor Hugo.<\/p>\n\n\n\n<p>De acordo com a nota, &#8220;durante a reuni\u00e3o, os gestores tamb\u00e9m decidiram que o novo decreto estadual de enfrentamento \u00e0 pandemia apresentar\u00e1 a primeira vers\u00e3o do plano de retomada gradual, est\u00e1gio seguinte a ser implementado, que ser\u00e1 apresentado pelo governador e prefeitos.&#8221;<\/p>\n\n\n\n<p>Ainda conforme a nota, &#8220;a flexibiliza\u00e7\u00e3o gradual da atividade econ\u00f4mica ser\u00e1 adotada de acordo com a evolu\u00e7\u00e3o do quadro em cada Munic\u00edpio, em datas que ser\u00e3o oportunamente anunciadas. As prefeituras ter\u00e3o autonomia para fazer essa flexibiliza\u00e7\u00e3o, observando todas as recomenda\u00e7\u00f5es apontadas em cada fase do plano estadual de retomada, assim como os seus respectivos impactos sobre o controle da crise de sa\u00fade, assegurando a progressiva supera\u00e7\u00e3o da mesma.&#8221;<\/p>\n","protected":false},"excerpt":{"rendered":"<p>O novo decreto estadual de combate ao novo coronav\u00edrus ter\u00e1 a primeira vers\u00e3o do plano de retomada gradual do com\u00e9rcio, ind\u00fastria e servi\u00e7os na Para\u00edba.&hellip; <\/p>\n","protected":false},"author":2,"featured_media":171992,"comment_status":"closed","ping_status":"closed","sticky":false,"template":"","format":"standard","meta":{"sfsi_plus_gutenberg_text_before_share":"","sfsi_plus_gutenberg_show_text_before_share":"","sfsi_plus_gutenberg_icon_type":"","sfsi_plus_gutenberg_icon_alignemt":"","sfsi_plus_gutenburg_max_per_row":"","footnotes":""},"categories":[2],"tags":[],"class_list":["post-171991","post","type-post","status-publish","format-standard","has-post-thumbnail","hentry","category-geral"],"_links":{"self":[{"href":"https:\/\/www.caririemacao.com\/1\/wp-json\/wp\/v2\/posts\/171991","targetHints":{"allow":["GET"]}}],"collection":[{"href":"https:\/\/www.caririemacao.com\/1\/wp-json\/wp\/v2\/posts"}],"about":[{"href":"https:\/\/www.caririemacao.com\/1\/wp-json\/wp\/v2\/types\/post"}],"author":[{"embeddable":true,"href":"https:\/\/www.caririemacao.com\/1\/wp-json\/wp\/v2\/users\/2"}],"replies":[{"embeddable":true,"href":"https:\/\/www.caririemacao.com\/1\/wp-json\/wp\/v2\/comments?post=171991"}],"version-history":[{"count":1,"href":"https:\/\/www.caririemacao.com\/1\/wp-json\/wp\/v2\/posts\/171991\/revisions"}],"predecessor-version":[{"id":171993,"href":"https:\/\/www.caririemacao.com\/1\/wp-json\/wp\/v2\/posts\/171991\/revisions\/171993"}],"wp:featuredmedia":[{"embeddable":true,"href":"https:\/\/www.caririemacao.com\/1\/wp-json\/wp\/v2\/media\/171992"}],"wp:attachment":[{"href":"https:\/\/www.caririemacao.com\/1\/wp-json\/wp\/v2\/media?parent=171991"}],"wp:term":[{"taxonomy":"category","embeddable":true,"href":"https:\/\/www.caririemacao.com\/1\/wp-json\/wp\/v2\/categories?post=171991"},{"taxonomy":"post_tag","embeddable":true,"href":"https:\/\/www.caririemacao.com\/1\/wp-json\/wp\/v2\/tags?post=171991"}],"curies":[{"name":"wp","href":"https:\/\/api.w.org\/{rel}","templated":true}]}}