{"id":171995,"date":"2020-05-29T07:19:25","date_gmt":"2020-05-29T10:19:25","guid":{"rendered":"https:\/\/www.caririemacao.com\/1\/?p=171995"},"modified":"2020-05-29T07:19:25","modified_gmt":"2020-05-29T10:19:25","slug":"maia-defende-prorrogacao-do-auxilio-emergencial","status":"publish","type":"post","link":"https:\/\/www.caririemacao.com\/1\/2020\/05\/29\/maia-defende-prorrogacao-do-auxilio-emergencial\/","title":{"rendered":"Maia defende prorroga\u00e7\u00e3o do aux\u00edlio emergencial"},"content":{"rendered":"\n<h1 class=\"wp-block-heading\"><\/h1>\n\n\n\n<p>O presidente da C\u00e2mara dos Deputados, Rodrigo Maia (DEM-RJ), defendeu a perman\u00eancia por mais tempo do pagamento do aux\u00edlio emergencial, no atual valor, por causa da paralisa\u00e7\u00e3o de atividades econ\u00f4micas no pa\u00eds em raz\u00e3o das medidas de distanciamento social para evitar maior propaga\u00e7\u00e3o do novo coronav\u00edrus.<\/p>\n\n\n\n<p>O pagamento do aux\u00edlio, iniciado em abril, est\u00e1 previsto em tr\u00eas parcelas mensais de R$ 600. No caso de m\u00e3es chefes de fam\u00edlia, o benef\u00edcio \u00e9 dobrado, no valor de R$ 1,2 mil. A Caixa Econ\u00f4mica Federal come\u00e7ou a pagar a segunda parcela no dia 18 de maio. O dinheiro \u00e9 do Tesouro Nacional. O governo avalia prorrogar o pagamento do aux\u00edlio em valor menor: R$ 200, que resultaria em custo mensal de R$ 17 bilh\u00f5es, conforme previs\u00f5es da Secretaria Especial de Fazenda.<\/p>\n\n\n\n<p>\u201cEu acho que seria muito ruim no quarto ou no quinto m\u00eas qualquer mudan\u00e7a no valor de R$ 600, mas compreendo a preocupa\u00e7\u00e3o do governo\u201d, disse Rodrigo Maia em entrevista coletiva antes de iniciar sess\u00e3o deliberativa virtual da C\u00e2mara dos Deputados que vota parecer sobre a Medida Provis\u00f3ria n\u00ba 936\/2020, que permite a redu\u00e7\u00e3o de sal\u00e1rios e jornada de trabalho ou suspens\u00e3o do contrato trabalhista durante o estado de calamidade p\u00fablica.<\/p>\n\n\n\n<p><strong>LEIA MAIS<\/strong>:&nbsp;<a href=\"https:\/\/www.clickpb.com.br\/economia\/auxilio-emergencial-deve-ser-prorrogado-sob-outro-formato-diz-secretario-de-guedes-284823.html\">Aux\u00edlio emergencial deve ser prorrogado sob outro formato, diz secret\u00e1rio de Guedes<\/a><\/p>\n\n\n\n<p>Maia ponderou que \u00e9 preciso encontrar \u201csolu\u00e7\u00f5es para que pelo menos no curto prazo a gente possa manter o valor e depois fazer uma escadinha reduzindo esse valor.\u201d Em sua avalia\u00e7\u00e3o, uma alternativa seria compor or\u00e7amento novo para a medida e utilizar recursos de \u201cuma parte de programas que est\u00e3o mal alocados.\u201d O arranjo proposto seria provis\u00f3rio. \u201cTalvez esse somat\u00f3rio nos d\u00ea as condi\u00e7\u00f5es de a gente manter por mais algum per\u00edodo os R$ 600 e depois tentar criar um programa oficial permanente de renda m\u00ednima com esses programas que j\u00e1 existem no governo\u201d, sugeriu.<\/p>\n\n\n\n<p><strong>Institucionalidade<\/strong><\/p>\n\n\n\n<p>Indagado pela imprensa sobre o posicionamento do presidente da Rep\u00fablica a respeito do inqu\u00e9rito do Supremo Tribunal Federal que apura uso de fake news e amea\u00e7as a ministros da Corte nas redes sociais, Rodrigo Maia voltou a defender a institucionalidade e o cuidado contra a covid-19.<\/p>\n\n\n\n<p>\u201cAs decis\u00f5es dos outros poderes precisam ser respeitadas. A gente n\u00e3o pode no sistema democr\u00e1tico entender que s\u00f3 aquilo que nos interessa, que nos agrada, \u00e9 correto quando outro Poder toma decis\u00e3o. N\u00f3s divergimos, mas n\u00f3s precisamos acatar. Tem o direito da cr\u00edtica e tem direito do recurso. Tem tr\u00e2mites legais.\u201d<\/p>\n\n\n\n<p>Mais cedo, o presidente Jair Bolsonaro criticou o STF e disse na sa\u00edda do Pal\u00e1cio da Alvorada, resid\u00eancia oficial, que a a\u00e7\u00e3o contra fake news \u00e9 para censurar m\u00eddias sociais. Na avalia\u00e7\u00e3o de Rodrigo Maia, as declara\u00e7\u00f5es v\u00e3o &#8220;exatamente no caminho contr\u00e1rio de tudo que a gente come\u00e7ou a construir, os Poderes juntos, desde a semana passada.\u201d<\/p>\n\n\n\n<p>Ele salientou que, apesar dessas declara\u00e7\u00f5es, o governo age com institucionalidade na Corte em outro epis\u00f3dio. \u201cAo mesmo tempo, h\u00e1 um discurso e h\u00e1 uma decis\u00e3o pr\u00e1tica. Decis\u00e3o pr\u00e1tica \u00e9 que o ministro [da Justi\u00e7a, Andr\u00e9 Mendon\u00e7a,] recorreu da decis\u00e3o pedindo um HC [habeas corpus] para o ministro da Educa\u00e7\u00e3o [Abraham Weintraub].\u201d Ontem (27), o ministro Alexandre Moraes (STF) determinou que a Pol\u00edcia Federal colha depoimento a respeito de suas declara\u00e7\u00f5es sobre a Corte durante reuni\u00e3o ministerial no dia 22 de abril.<\/p>\n\n\n\n<p>\u201cIsso significa que se respeitou a decis\u00e3o do ministro Alexandre Moraes quando se recorre pelos caminhos legais\u201d, avaliou Maia. \u201cO que a gente precisa entender \u00e9 que essas diverg\u00eancias de comportamento entre o que faz oficialmente o governo e o que faz o presidente em rela\u00e7\u00e3o a decis\u00f5es de outro Poder precisam ter converg\u00eancia e sinalizar para a sociedade, principalmente neste momento que vivemos de crise sanit\u00e1ria, de crise econ\u00f4mica e social, que n\u00f3s estaremos focados, preocupados e avan\u00e7ando no caminho de salvar vidas, empregos e renda.\u201d<\/p>\n","protected":false},"excerpt":{"rendered":"<p>O presidente da C\u00e2mara dos Deputados, Rodrigo Maia (DEM-RJ), defendeu a perman\u00eancia por mais tempo do pagamento do aux\u00edlio emergencial, no atual valor, por causa&hellip; <\/p>\n","protected":false},"author":2,"featured_media":171996,"comment_status":"closed","ping_status":"closed","sticky":false,"template":"","format":"standard","meta":{"sfsi_plus_gutenberg_text_before_share":"","sfsi_plus_gutenberg_show_text_before_share":"","sfsi_plus_gutenberg_icon_type":"","sfsi_plus_gutenberg_icon_alignemt":"","sfsi_plus_gutenburg_max_per_row":"","footnotes":""},"categories":[2],"tags":[],"class_list":["post-171995","post","type-post","status-publish","format-standard","has-post-thumbnail","hentry","category-geral"],"_links":{"self":[{"href":"https:\/\/www.caririemacao.com\/1\/wp-json\/wp\/v2\/posts\/171995","targetHints":{"allow":["GET"]}}],"collection":[{"href":"https:\/\/www.caririemacao.com\/1\/wp-json\/wp\/v2\/posts"}],"about":[{"href":"https:\/\/www.caririemacao.com\/1\/wp-json\/wp\/v2\/types\/post"}],"author":[{"embeddable":true,"href":"https:\/\/www.caririemacao.com\/1\/wp-json\/wp\/v2\/users\/2"}],"replies":[{"embeddable":true,"href":"https:\/\/www.caririemacao.com\/1\/wp-json\/wp\/v2\/comments?post=171995"}],"version-history":[{"count":1,"href":"https:\/\/www.caririemacao.com\/1\/wp-json\/wp\/v2\/posts\/171995\/revisions"}],"predecessor-version":[{"id":171997,"href":"https:\/\/www.caririemacao.com\/1\/wp-json\/wp\/v2\/posts\/171995\/revisions\/171997"}],"wp:featuredmedia":[{"embeddable":true,"href":"https:\/\/www.caririemacao.com\/1\/wp-json\/wp\/v2\/media\/171996"}],"wp:attachment":[{"href":"https:\/\/www.caririemacao.com\/1\/wp-json\/wp\/v2\/media?parent=171995"}],"wp:term":[{"taxonomy":"category","embeddable":true,"href":"https:\/\/www.caririemacao.com\/1\/wp-json\/wp\/v2\/categories?post=171995"},{"taxonomy":"post_tag","embeddable":true,"href":"https:\/\/www.caririemacao.com\/1\/wp-json\/wp\/v2\/tags?post=171995"}],"curies":[{"name":"wp","href":"https:\/\/api.w.org\/{rel}","templated":true}]}}