{"id":171999,"date":"2020-05-29T07:22:39","date_gmt":"2020-05-29T10:22:39","guid":{"rendered":"https:\/\/www.caririemacao.com\/1\/?p=171999"},"modified":"2020-05-29T07:22:39","modified_gmt":"2020-05-29T10:22:39","slug":"ainda-sem-data-enem-recebe-62-milhoes-de-inscricoes","status":"publish","type":"post","link":"https:\/\/www.caririemacao.com\/1\/2020\/05\/29\/ainda-sem-data-enem-recebe-62-milhoes-de-inscricoes\/","title":{"rendered":"Ainda sem data, Enem recebe 6,2 milh\u00f5es de inscri\u00e7\u00f5es"},"content":{"rendered":"\n<h1 class=\"wp-block-heading\"><\/h1>\n\n\n\n<p>O n\u00famero definitivo de inscritos ainda ser\u00e1 fechado ap\u00f3s o fim do prazo para compensa\u00e7\u00e3o banc\u00e1ria dos pagamentos da taxa de inscri\u00e7\u00e3o. No ano passado, 5.095.308 pessoas se inscreveram para as provas.<\/p>\n\n\n\n<p>O Enem 2020 ainda n\u00e3o tem data para ocorrer. As provas, marcadas para novembro, foram adiadas e o governo Bolsonaro s\u00f3 vai definir os dias ap\u00f3s consulta p\u00fablica aos alunos.<\/p>\n\n\n\n<p>O ministro Abraham Weintraub (Educa\u00e7\u00e3o) insistia na manuten\u00e7\u00e3o do Enem nas datas previstas apesar da interrup\u00e7\u00e3o de aulas e do pedido de secret\u00e1rios neste sentido. S\u00f3 mudou de ideia com uma iminente derrota no Congresso sobre o tema.<\/p>\n\n\n\n<p>O per\u00edodo para participar do Enem terminou na quarta-feira (27), ap\u00f3s cinco dias de prorroga\u00e7\u00e3o. Secret\u00e1rios de Educa\u00e7\u00e3o haviam solicitado a extens\u00e3o do prazo porque haviam identificado baixa participa\u00e7\u00e3o de alunos da rede p\u00fablica.<\/p>\n\n\n\n<p>Entre os inscritos, 1.149.759 s\u00e3o alunos matriculados em escolas p\u00fablicas, o que representa um avan\u00e7o de 11,2% do que foi registrado na edi\u00e7\u00e3o anterior, segundo o Inep (Instituto Nacional de Estudos e Pesquisas Educacionais), \u00f3rg\u00e3o do MEC (Minist\u00e9rio da Educa\u00e7\u00e3o).<\/p>\n\n\n\n<p>A maioria (87%) do inscritos para a prova impressa recebeu isen\u00e7\u00e3o da taxa de pagamento. Nesta edi\u00e7\u00e3o, quem se enquadrou nos crit\u00e9rios de isen\u00e7\u00e3o, como ser aluno de escola p\u00fablica, foi contemplado automaticamente na isen\u00e7\u00e3o. Essa foi uma medida tomada pelo governo por causa da pandemia.<\/p>\n\n\n\n<p>Para os demais, a cobran\u00e7a \u00e9 de R$ 85, mesmo valor do ano passado.<br>O Inep inaugura neste ano uma aplica\u00e7\u00e3o em computador, no formato piloto. As aplica\u00e7\u00f5es ser\u00e3o em dias diferentes das provas em papel.<\/p>\n","protected":false},"excerpt":{"rendered":"<p>O n\u00famero definitivo de inscritos ainda ser\u00e1 fechado ap\u00f3s o fim do prazo para compensa\u00e7\u00e3o banc\u00e1ria dos pagamentos da taxa de inscri\u00e7\u00e3o. No ano passado,&hellip; <\/p>\n","protected":false},"author":2,"featured_media":172000,"comment_status":"closed","ping_status":"closed","sticky":false,"template":"","format":"standard","meta":{"sfsi_plus_gutenberg_text_before_share":"","sfsi_plus_gutenberg_show_text_before_share":"","sfsi_plus_gutenberg_icon_type":"","sfsi_plus_gutenberg_icon_alignemt":"","sfsi_plus_gutenburg_max_per_row":"","footnotes":""},"categories":[2],"tags":[],"class_list":["post-171999","post","type-post","status-publish","format-standard","has-post-thumbnail","hentry","category-geral"],"_links":{"self":[{"href":"https:\/\/www.caririemacao.com\/1\/wp-json\/wp\/v2\/posts\/171999","targetHints":{"allow":["GET"]}}],"collection":[{"href":"https:\/\/www.caririemacao.com\/1\/wp-json\/wp\/v2\/posts"}],"about":[{"href":"https:\/\/www.caririemacao.com\/1\/wp-json\/wp\/v2\/types\/post"}],"author":[{"embeddable":true,"href":"https:\/\/www.caririemacao.com\/1\/wp-json\/wp\/v2\/users\/2"}],"replies":[{"embeddable":true,"href":"https:\/\/www.caririemacao.com\/1\/wp-json\/wp\/v2\/comments?post=171999"}],"version-history":[{"count":1,"href":"https:\/\/www.caririemacao.com\/1\/wp-json\/wp\/v2\/posts\/171999\/revisions"}],"predecessor-version":[{"id":172001,"href":"https:\/\/www.caririemacao.com\/1\/wp-json\/wp\/v2\/posts\/171999\/revisions\/172001"}],"wp:featuredmedia":[{"embeddable":true,"href":"https:\/\/www.caririemacao.com\/1\/wp-json\/wp\/v2\/media\/172000"}],"wp:attachment":[{"href":"https:\/\/www.caririemacao.com\/1\/wp-json\/wp\/v2\/media?parent=171999"}],"wp:term":[{"taxonomy":"category","embeddable":true,"href":"https:\/\/www.caririemacao.com\/1\/wp-json\/wp\/v2\/categories?post=171999"},{"taxonomy":"post_tag","embeddable":true,"href":"https:\/\/www.caririemacao.com\/1\/wp-json\/wp\/v2\/tags?post=171999"}],"curies":[{"name":"wp","href":"https:\/\/api.w.org\/{rel}","templated":true}]}}