{"id":172003,"date":"2020-05-29T07:24:38","date_gmt":"2020-05-29T10:24:38","guid":{"rendered":"https:\/\/www.caririemacao.com\/1\/?p=172003"},"modified":"2020-05-29T07:24:38","modified_gmt":"2020-05-29T10:24:38","slug":"caixa-informara-datas-da-terceira-parcela-do-auxilio-emergencial-em-duas-semanas","status":"publish","type":"post","link":"https:\/\/www.caririemacao.com\/1\/2020\/05\/29\/caixa-informara-datas-da-terceira-parcela-do-auxilio-emergencial-em-duas-semanas\/","title":{"rendered":"Caixa informar\u00e1 datas da terceira parcela do aux\u00edlio emergencial em duas semanas"},"content":{"rendered":"\n<h1 class=\"wp-block-heading\"><\/h1>\n\n\n\n<p>Com a divulga\u00e7\u00e3o das datas de libera\u00e7\u00e3o da \u00faltima parcela do benef\u00edcio, o banco tamb\u00e9m pretende informar um novo calend\u00e1rio para pagamento de lotes residuais para pessoas que ainda n\u00e3o receberam a primeira ou a segunda parte do benef\u00edcio.<\/p>\n\n\n\n<p>Os valores j\u00e1 foram transferidos para as contas digitais sociais dos benefici\u00e1rios e podem ser utilizados para compras e pagamentos de contas pelo aplicativo Caixa Tem.<\/p>\n\n\n\n<p>O aux\u00edlio emergencial \u00e9 uma medida do governo federal para transferir renda para trabalhadores informais, microempreendedores e desempregados durante a quarentena de combate ao novo coronav\u00edrus.<\/p>\n\n\n\n<p>O benef\u00edcio \u00e9 pago em tr\u00eas parcelas de R$ 600, mas pode ter o valor elevado para R$ 1.200 para m\u00e3es que, sozinhas, s\u00e3o respons\u00e1veis pelo sustento da fam\u00edlia.<\/p>\n\n\n\n<p>At\u00e9 esta quinta, 57,9 milh\u00f5es de pessoas j\u00e1 tinham recebido ao menos uma das duas parcelas do aux\u00edlio emergencial, ao custo de R$ 74 bilh\u00f5es para os cofres p\u00fablicos, segundo Guimar\u00e3es.<\/p>\n\n\n\n<p>At\u00e9 o momento, h\u00e1 no pa\u00eds 59 milh\u00f5es de cidad\u00e3os considerados aptos para receber o benef\u00edcio.<\/p>\n\n\n\n<p>Outros 42 milh\u00f5es de solicita\u00e7\u00f5es foram negadas porque, segundo a an\u00e1lise realizada pela Dataprev (empresa de tecnologia da Previd\u00eancia), os requisitantes n\u00e3o t\u00eam direito ao benef\u00edcio.<\/p>\n\n\n\n<p>Ao todo, 106,5 milh\u00f5es de benef\u00edcios foram solicitados, dos quais 101,2 milh\u00f5es j\u00e1 foram analisados.<\/p>\n\n\n\n<p>A Caixa ainda realiza a primeira an\u00e1lise de 5,3 milh\u00f5es de requerimentos e est\u00e1 fazendo a rean\u00e1lise, pela segunda ou terceira vez, de outros 5,1 milh\u00f5es de pessoas que se candidataram a receber o aux\u00edlio emergencial.<\/p>\n\n\n\n<p><strong>CAIXA ABRE NO S\u00c1BADO<\/strong><\/p>\n\n\n\n<ul class=\"wp-block-list\"><li>A Caixa Econ\u00f4mica Federal vai abrir 2.213 ag\u00eancias neste s\u00e1bado (30), em todo o pa\u00eds, para liberar o saque da segunda parcela do aux\u00edlio emergencial de R$ 600 a trabalhadores informais, contribuintes individuais do INSS e MEIs (microempreendedores individuais) nascidos em janeiro.<\/li><li>O hor\u00e1rio de funcionamento das ag\u00eancias ser\u00e1 das 8h \u00e0s 12h.<\/li><li>Para conseguir ter acesso ao dinheiro, os benefici\u00e1rios devem ter recebido a primeira parcela at\u00e9 o dia 30 de abril.<\/li><li>Esses cidad\u00e3os j\u00e1 tiveram a op\u00e7\u00e3o de movimentar os valores por meio do aplicativo Caixa Tem, fazendo o pagamento de contas e boletos, ou realizando compras digitais em estabelecimentos conveniados.<\/li><\/ul>\n","protected":false},"excerpt":{"rendered":"<p>Com a divulga\u00e7\u00e3o das datas de libera\u00e7\u00e3o da \u00faltima parcela do benef\u00edcio, o banco tamb\u00e9m pretende informar um novo calend\u00e1rio para pagamento de lotes residuais&hellip; <\/p>\n","protected":false},"author":2,"featured_media":172004,"comment_status":"closed","ping_status":"closed","sticky":false,"template":"","format":"standard","meta":{"sfsi_plus_gutenberg_text_before_share":"","sfsi_plus_gutenberg_show_text_before_share":"","sfsi_plus_gutenberg_icon_type":"","sfsi_plus_gutenberg_icon_alignemt":"","sfsi_plus_gutenburg_max_per_row":"","footnotes":""},"categories":[2],"tags":[],"class_list":["post-172003","post","type-post","status-publish","format-standard","has-post-thumbnail","hentry","category-geral"],"_links":{"self":[{"href":"https:\/\/www.caririemacao.com\/1\/wp-json\/wp\/v2\/posts\/172003","targetHints":{"allow":["GET"]}}],"collection":[{"href":"https:\/\/www.caririemacao.com\/1\/wp-json\/wp\/v2\/posts"}],"about":[{"href":"https:\/\/www.caririemacao.com\/1\/wp-json\/wp\/v2\/types\/post"}],"author":[{"embeddable":true,"href":"https:\/\/www.caririemacao.com\/1\/wp-json\/wp\/v2\/users\/2"}],"replies":[{"embeddable":true,"href":"https:\/\/www.caririemacao.com\/1\/wp-json\/wp\/v2\/comments?post=172003"}],"version-history":[{"count":1,"href":"https:\/\/www.caririemacao.com\/1\/wp-json\/wp\/v2\/posts\/172003\/revisions"}],"predecessor-version":[{"id":172005,"href":"https:\/\/www.caririemacao.com\/1\/wp-json\/wp\/v2\/posts\/172003\/revisions\/172005"}],"wp:featuredmedia":[{"embeddable":true,"href":"https:\/\/www.caririemacao.com\/1\/wp-json\/wp\/v2\/media\/172004"}],"wp:attachment":[{"href":"https:\/\/www.caririemacao.com\/1\/wp-json\/wp\/v2\/media?parent=172003"}],"wp:term":[{"taxonomy":"category","embeddable":true,"href":"https:\/\/www.caririemacao.com\/1\/wp-json\/wp\/v2\/categories?post=172003"},{"taxonomy":"post_tag","embeddable":true,"href":"https:\/\/www.caririemacao.com\/1\/wp-json\/wp\/v2\/tags?post=172003"}],"curies":[{"name":"wp","href":"https:\/\/api.w.org\/{rel}","templated":true}]}}