{"id":172007,"date":"2020-05-29T07:30:07","date_gmt":"2020-05-29T10:30:07","guid":{"rendered":"https:\/\/www.caririemacao.com\/1\/?p=172007"},"modified":"2020-05-29T07:30:07","modified_gmt":"2020-05-29T10:30:07","slug":"senado-adota-ideia-da-alpb-e-aprova-uso-de-leitos-de-hospitais-privados-por-pacientes-do-sus","status":"publish","type":"post","link":"https:\/\/www.caririemacao.com\/1\/2020\/05\/29\/senado-adota-ideia-da-alpb-e-aprova-uso-de-leitos-de-hospitais-privados-por-pacientes-do-sus\/","title":{"rendered":"Senado adota ideia da ALPB e aprova uso de leitos de hospitais privados por pacientes do SUS"},"content":{"rendered":"\n<h1 class=\"wp-block-heading\"><\/h1>\n\n\n\n<p>O Senado Federal seguiu ideia da Assembleia Legislativa da Para\u00edba (ALPB) e aprovou, na \u00faltima ter\u00e7a-feira (26), projeto de Lei do senador Rog\u00e9rio Carvalho (PT-SE), que autoriza o uso de leitos n\u00e3o ocupados de UTI em hospitais privados para pacientes do SUS com S\u00edndrome Aguda Respirat\u00f3ria Grave (SRAG) e suspeita ou diagn\u00f3stico de Covid-19. O projeto agora segue para a C\u00e2mara dos Deputados.&nbsp;<br>&nbsp;<br>O projeto, de autoria do deputado Wilson Filho, foi aprovado na ALPB no m\u00eas de abril e transformado na Lei 11.686\/2020, em vigor na Para\u00edba, desde \u00faltimo dia 12 de maio. &#8220;Fico feliz com o reconhecimento e a repercuss\u00e3o positiva que a lei aprovada na ALPB, tendo sido usada como base para este projeto de lei no Senado e podendo ser modelo para as demais assembleias legislativas do Brasil\u201d, comentou Wilson Filho.&nbsp;&nbsp;<\/p>\n\n\n\n<p>Ainda de acordo com lei 11.686, denominada de &#8220;Fila Zero&#8221;, os hospitais tamb\u00e9m est\u00e3o proibidos de recusar atendimento, sem um justo motivo, no caso de encaminhamento de pacientes com alguma doen\u00e7a oriunda de pandemia, epidemia ou endemia por parte da Secretaria de Estado da Sa\u00fade (SES).&nbsp;<br>&nbsp;<br>Caso hospital descumpra a lei, uma multa que pode variar de 10 mil a 30 mil Unidades Fiscais de Refer\u00eancia da Para\u00edba (UFR) vai ser aplicada. Tomando como base o valor da UFR em maio de 2020, m\u00eas de publica\u00e7\u00e3o da lei, a multa aplicada pode ser de R$ 517,8 mil e chegar at\u00e9 R$ 1,5 milh\u00e3o. As multas eventualmente aplicadas v\u00e3o ser revertidas integralmente para o custeio do tratamento de pandemias, epidemias e endemias no estado.&nbsp;<br>&nbsp;<br>Os gastos com o paciente encaminhado \u00e0 rede privada ser\u00e3o remunerados de acordo com tabela de valor estabelecida pela SES. A puni\u00e7\u00e3o s\u00f3 n\u00e3o ser\u00e1 aplicada em dois casos, se o hospital estiver com a capacidade m\u00e1xima de leitos totalmente preenchida ou no caso de justo motivo acatado pela autoridade de Sa\u00fade do estado.<\/p>\n","protected":false},"excerpt":{"rendered":"<p>O Senado Federal seguiu ideia da Assembleia Legislativa da Para\u00edba (ALPB) e aprovou, na \u00faltima ter\u00e7a-feira (26), projeto de Lei do senador Rog\u00e9rio Carvalho (PT-SE),&hellip; <\/p>\n","protected":false},"author":2,"featured_media":172008,"comment_status":"closed","ping_status":"closed","sticky":false,"template":"","format":"standard","meta":{"sfsi_plus_gutenberg_text_before_share":"","sfsi_plus_gutenberg_show_text_before_share":"","sfsi_plus_gutenberg_icon_type":"","sfsi_plus_gutenberg_icon_alignemt":"","sfsi_plus_gutenburg_max_per_row":"","footnotes":""},"categories":[2],"tags":[],"class_list":["post-172007","post","type-post","status-publish","format-standard","has-post-thumbnail","hentry","category-geral"],"_links":{"self":[{"href":"https:\/\/www.caririemacao.com\/1\/wp-json\/wp\/v2\/posts\/172007","targetHints":{"allow":["GET"]}}],"collection":[{"href":"https:\/\/www.caririemacao.com\/1\/wp-json\/wp\/v2\/posts"}],"about":[{"href":"https:\/\/www.caririemacao.com\/1\/wp-json\/wp\/v2\/types\/post"}],"author":[{"embeddable":true,"href":"https:\/\/www.caririemacao.com\/1\/wp-json\/wp\/v2\/users\/2"}],"replies":[{"embeddable":true,"href":"https:\/\/www.caririemacao.com\/1\/wp-json\/wp\/v2\/comments?post=172007"}],"version-history":[{"count":1,"href":"https:\/\/www.caririemacao.com\/1\/wp-json\/wp\/v2\/posts\/172007\/revisions"}],"predecessor-version":[{"id":172009,"href":"https:\/\/www.caririemacao.com\/1\/wp-json\/wp\/v2\/posts\/172007\/revisions\/172009"}],"wp:featuredmedia":[{"embeddable":true,"href":"https:\/\/www.caririemacao.com\/1\/wp-json\/wp\/v2\/media\/172008"}],"wp:attachment":[{"href":"https:\/\/www.caririemacao.com\/1\/wp-json\/wp\/v2\/media?parent=172007"}],"wp:term":[{"taxonomy":"category","embeddable":true,"href":"https:\/\/www.caririemacao.com\/1\/wp-json\/wp\/v2\/categories?post=172007"},{"taxonomy":"post_tag","embeddable":true,"href":"https:\/\/www.caririemacao.com\/1\/wp-json\/wp\/v2\/tags?post=172007"}],"curies":[{"name":"wp","href":"https:\/\/api.w.org\/{rel}","templated":true}]}}