{"id":172011,"date":"2020-05-29T07:32:00","date_gmt":"2020-05-29T10:32:00","guid":{"rendered":"https:\/\/www.caririemacao.com\/1\/?p=172011"},"modified":"2020-05-29T07:32:00","modified_gmt":"2020-05-29T10:32:00","slug":"justica-da-paraiba-nega-prisao-domiciliar-durante-pandemia-a-preso-que-ja-violou-condicoes-de-uso-da-tornozeleira-eletronica","status":"publish","type":"post","link":"https:\/\/www.caririemacao.com\/1\/2020\/05\/29\/justica-da-paraiba-nega-prisao-domiciliar-durante-pandemia-a-preso-que-ja-violou-condicoes-de-uso-da-tornozeleira-eletronica\/","title":{"rendered":"Justi\u00e7a da Para\u00edba nega pris\u00e3o domiciliar durante pandemia a preso que j\u00e1 violou condi\u00e7\u00f5es de uso da tornozeleira eletr\u00f4nica"},"content":{"rendered":"\n<h1 class=\"wp-block-heading\"><\/h1>\n\n\n\n<p>A Justi\u00e7a da Para\u00edba negou habeas corpus a um preso que pediu pris\u00e3o domiciliar durante a pandemia do novo coronav\u00edrus. A C\u00e2mara Criminal do Tribunal de Justi\u00e7a (TJPB) considerou que &#8220;para ter direito ao benef\u00edcio da pris\u00e3o domiciliar, que \u00e9 excepcional e tempor\u00e1rio, nos termos da Recomenda\u00e7\u00e3o n\u00ba 62\/2020 do CNJ, por risco de contamina\u00e7\u00e3o pelo novo coronav\u00edrus (Covid-19), os apenados n\u00e3o podem estar em pris\u00e3o provis\u00f3ria por outro crime, terem sido punidos com regress\u00e3o para o regime fechado, nem possuir mandado de pris\u00e3o em aberto.&#8221;<\/p>\n\n\n\n<p>Al\u00e9m disso, a C\u00e2mara Criminal considera que os detentos precisam demonstrar a exist\u00eancia de comorbidade que n\u00e3o possa ser tratada no interior do pres\u00eddio. O preso Bruno Pereira de Oliveira foi o autor do pedido de habeas corpus.<\/p>\n\n\n\n<p>A relatoria do processo foi do desembargador Jo\u00e1s de Brito Pereira Filho. Ele destacou, em seu voto, que &#8220;al\u00e9m de n\u00e3o atender \u00e0s situa\u00e7\u00f5es recomendadas, o impetrante traz como prova do eventual risco a alega\u00e7\u00e3o de que o paciente padece da patologia identificada como colelit\u00edase (pedras na ves\u00edcula), necessitando, inclusive, de cirurgia, procedimento este, por\u00e9m, que \u00e9 de natureza eletiva e que, como tal, s\u00f3 necessita atendimento emergencial em caso de agravamento&#8221;.<\/p>\n\n\n\n<p>Consta nos autos que Bruno Pereira cumpre pena de sete anos e dois meses de reclus\u00e3o em regime semiaberto, sendo que, em junho de 2019 recebeu a tornozeleira eletr\u00f4nica, mas teve centenas de viola\u00e7\u00f5es. No m\u00eas de novembro de 2019, a ju\u00edza da Vara de Execu\u00e7\u00e3o Penal de Santa Rita determinou a regress\u00e3o cautelar do regime e a consequente expedi\u00e7\u00e3o do mandado de pris\u00e3o.<\/p>\n\n\n\n<p>A defesa alegou que a decis\u00e3o violou o disposto no artigo 118, \u00a72\u00ba e 59 da Lei de Execu\u00e7\u00e3o Penal (LEP), o verbete da S\u00famula n\u00ba 533\/STJ e os princ\u00edpios do contradit\u00f3rio e da ampla defesa, dado que &#8220;a ju\u00edza n\u00e3o designou audi\u00eancia, nem oportunizou ao apenado o direito sagrado de se defender em audi\u00eancia nem foi instaurado PAD para apura\u00e7\u00e3o das supostas faltas.&#8221;<\/p>\n\n\n\n<p>Para o relator do processo, restou configurada a falta grave que ensejou a cassa\u00e7\u00e3o do benef\u00edcio e consequente regress\u00e3o definitiva para o regime fechado. &#8220;Desse modo, ao contr\u00e1rio do afirmado pelo impetrante, todas as cautelas foram adotadas e a regress\u00e3o definitiva se deu com a observ\u00e2ncia dos princ\u00edpios do contradit\u00f3rio e da ampla defesa, n\u00e3o havendo coa\u00e7\u00e3o ilegal a ser reparada pelo fato de n\u00e3o ter sido instaurado o reclamado procedimento administrativo disciplinar, dispens\u00e1vel no caso&#8221;, afirmou o desembargador Jo\u00e1s. Da decis\u00e3o cabe recurso.<\/p>\n","protected":false},"excerpt":{"rendered":"<p>A Justi\u00e7a da Para\u00edba negou habeas corpus a um preso que pediu pris\u00e3o domiciliar durante a pandemia do novo coronav\u00edrus. A C\u00e2mara Criminal do Tribunal&hellip; <\/p>\n","protected":false},"author":2,"featured_media":172012,"comment_status":"closed","ping_status":"closed","sticky":false,"template":"","format":"standard","meta":{"sfsi_plus_gutenberg_text_before_share":"","sfsi_plus_gutenberg_show_text_before_share":"","sfsi_plus_gutenberg_icon_type":"","sfsi_plus_gutenberg_icon_alignemt":"","sfsi_plus_gutenburg_max_per_row":"","footnotes":""},"categories":[2],"tags":[],"class_list":["post-172011","post","type-post","status-publish","format-standard","has-post-thumbnail","hentry","category-geral"],"_links":{"self":[{"href":"https:\/\/www.caririemacao.com\/1\/wp-json\/wp\/v2\/posts\/172011","targetHints":{"allow":["GET"]}}],"collection":[{"href":"https:\/\/www.caririemacao.com\/1\/wp-json\/wp\/v2\/posts"}],"about":[{"href":"https:\/\/www.caririemacao.com\/1\/wp-json\/wp\/v2\/types\/post"}],"author":[{"embeddable":true,"href":"https:\/\/www.caririemacao.com\/1\/wp-json\/wp\/v2\/users\/2"}],"replies":[{"embeddable":true,"href":"https:\/\/www.caririemacao.com\/1\/wp-json\/wp\/v2\/comments?post=172011"}],"version-history":[{"count":1,"href":"https:\/\/www.caririemacao.com\/1\/wp-json\/wp\/v2\/posts\/172011\/revisions"}],"predecessor-version":[{"id":172013,"href":"https:\/\/www.caririemacao.com\/1\/wp-json\/wp\/v2\/posts\/172011\/revisions\/172013"}],"wp:featuredmedia":[{"embeddable":true,"href":"https:\/\/www.caririemacao.com\/1\/wp-json\/wp\/v2\/media\/172012"}],"wp:attachment":[{"href":"https:\/\/www.caririemacao.com\/1\/wp-json\/wp\/v2\/media?parent=172011"}],"wp:term":[{"taxonomy":"category","embeddable":true,"href":"https:\/\/www.caririemacao.com\/1\/wp-json\/wp\/v2\/categories?post=172011"},{"taxonomy":"post_tag","embeddable":true,"href":"https:\/\/www.caririemacao.com\/1\/wp-json\/wp\/v2\/tags?post=172011"}],"curies":[{"name":"wp","href":"https:\/\/api.w.org\/{rel}","templated":true}]}}