{"id":172019,"date":"2020-05-29T07:39:01","date_gmt":"2020-05-29T10:39:01","guid":{"rendered":"https:\/\/www.caririemacao.com\/1\/?p=172019"},"modified":"2020-05-29T07:39:01","modified_gmt":"2020-05-29T10:39:01","slug":"sem-vagas-100-dos-leitos-para-pacientes-com-covid-19-estao-ocupados-em-patos","status":"publish","type":"post","link":"https:\/\/www.caririemacao.com\/1\/2020\/05\/29\/sem-vagas-100-dos-leitos-para-pacientes-com-covid-19-estao-ocupados-em-patos\/","title":{"rendered":"Sem vagas: 100% dos leitos para pacientes com Covid-19 est\u00e3o ocupados em Patos"},"content":{"rendered":"\n<h3 class=\"wp-block-heading\"><\/h3>\n\n\n\n<hr class=\"wp-block-separator\"\/>\n\n\n\n<p>A cidade de Patos, no Sert\u00e3o da Para\u00edba, a 315 km de Jo\u00e3o Pessoa, est\u00e1 com os seus 20 leitos de enfermaria e 10 de UTI ocupados por pacientes infectados pelo novo coronav\u00edrus, o que representa 100% de lota\u00e7\u00e3o. Pacientes graves, que necessitarem de interna\u00e7\u00e3o, a partir de hoje, ter\u00e3o que ser transferidos para Pianc\u00f3 ou Pombal. Estas informa\u00e7\u00f5es foram constatadas por uma equipe de fiscaliza\u00e7\u00e3o do Conselho Regional de Medicina (CRM-PB), que visitou o Hospital Regional Deputado Janduhy Carneiro, no \u00faltimo s\u00e1bado (23) e na manh\u00e3 desta quinta-feira (28). O hospital \u00e9 refer\u00eancia no Sert\u00e3o para casos de Covid-19. No in\u00edcio de maio, o CRM-PB j\u00e1 havia fiscalizado unidades de sa\u00fade de Patos<\/p>\n\n\n\n<p>Conforme observou a equipe do CRM-PB, dos 10 leitos de UTI instalados no hospital, apenas 7 tem respiradores. \u201cSabemos que est\u00e1 sendo constru\u00eddo um novo espa\u00e7o onde haver\u00e1 mais 8 respiradores dispon\u00edveis para a popula\u00e7\u00e3o, nos pr\u00f3ximos 15 dias. Mas precisamos desses equipamentos e leitos para hoje. Estamos em uma situa\u00e7\u00e3o muito dif\u00edcil, informando e buscando solu\u00e7\u00f5es junto ao governador do Estado e ao secret\u00e1rio de Sa\u00fade\u201d, destacou o conselheiro Umberto Joubert, que realizou a fiscaliza\u00e7\u00e3o com o conselheiro J\u00e2nio Rolim.<\/p>\n\n\n\n<p>De acordo com os dados do Plano de Conting\u00eancia para a Covid-19 da Secretaria Estadual de Sa\u00fade (SES), atualizados nesta quarta-feira (17), a previs\u00e3o \u00e9 que o Hospital Regional de Patos tenha 30 leitos de UTI e 32 de enfermaria. Conforme o documento, 16 leitos de UTI e 18 de enfermaria j\u00e1 est\u00e3o dispon\u00edveis para a popula\u00e7\u00e3o. No entanto, os dados divergem do observado pela fiscaliza\u00e7\u00e3o do CRM-PB.<\/p>\n\n\n\n<p>\u201cEstamos vivendo um momento muito dif\u00edcil em nosso estado. O CRM-PB tem fiscalizado, cobrado provid\u00eancias e colaborado com o que \u00e9 poss\u00edvel. Mas estamos observando um colapso em algumas regi\u00f5es do estado e \u00e9 preciso que medidas urgentes sejam tomadas\u201d, ressaltou o presidente do CRM-PB, Roberto Magliano.<\/p>\n","protected":false},"excerpt":{"rendered":"<p>A cidade de Patos, no Sert\u00e3o da Para\u00edba, a 315 km de Jo\u00e3o Pessoa, est\u00e1 com os seus 20 leitos de enfermaria e 10 de&hellip; <\/p>\n","protected":false},"author":2,"featured_media":172020,"comment_status":"closed","ping_status":"closed","sticky":false,"template":"","format":"standard","meta":{"sfsi_plus_gutenberg_text_before_share":"","sfsi_plus_gutenberg_show_text_before_share":"","sfsi_plus_gutenberg_icon_type":"","sfsi_plus_gutenberg_icon_alignemt":"","sfsi_plus_gutenburg_max_per_row":"","footnotes":""},"categories":[2],"tags":[],"class_list":["post-172019","post","type-post","status-publish","format-standard","has-post-thumbnail","hentry","category-geral"],"_links":{"self":[{"href":"https:\/\/www.caririemacao.com\/1\/wp-json\/wp\/v2\/posts\/172019","targetHints":{"allow":["GET"]}}],"collection":[{"href":"https:\/\/www.caririemacao.com\/1\/wp-json\/wp\/v2\/posts"}],"about":[{"href":"https:\/\/www.caririemacao.com\/1\/wp-json\/wp\/v2\/types\/post"}],"author":[{"embeddable":true,"href":"https:\/\/www.caririemacao.com\/1\/wp-json\/wp\/v2\/users\/2"}],"replies":[{"embeddable":true,"href":"https:\/\/www.caririemacao.com\/1\/wp-json\/wp\/v2\/comments?post=172019"}],"version-history":[{"count":1,"href":"https:\/\/www.caririemacao.com\/1\/wp-json\/wp\/v2\/posts\/172019\/revisions"}],"predecessor-version":[{"id":172021,"href":"https:\/\/www.caririemacao.com\/1\/wp-json\/wp\/v2\/posts\/172019\/revisions\/172021"}],"wp:featuredmedia":[{"embeddable":true,"href":"https:\/\/www.caririemacao.com\/1\/wp-json\/wp\/v2\/media\/172020"}],"wp:attachment":[{"href":"https:\/\/www.caririemacao.com\/1\/wp-json\/wp\/v2\/media?parent=172019"}],"wp:term":[{"taxonomy":"category","embeddable":true,"href":"https:\/\/www.caririemacao.com\/1\/wp-json\/wp\/v2\/categories?post=172019"},{"taxonomy":"post_tag","embeddable":true,"href":"https:\/\/www.caririemacao.com\/1\/wp-json\/wp\/v2\/tags?post=172019"}],"curies":[{"name":"wp","href":"https:\/\/api.w.org\/{rel}","templated":true}]}}