{"id":172023,"date":"2020-05-29T07:42:49","date_gmt":"2020-05-29T10:42:49","guid":{"rendered":"https:\/\/www.caririemacao.com\/1\/?p=172023"},"modified":"2020-05-29T07:42:49","modified_gmt":"2020-05-29T10:42:49","slug":"fachin-manda-ao-plenario-pedido-da-pgr-para-suspender-inquerito-das-fake-news","status":"publish","type":"post","link":"https:\/\/www.caririemacao.com\/1\/2020\/05\/29\/fachin-manda-ao-plenario-pedido-da-pgr-para-suspender-inquerito-das-fake-news\/","title":{"rendered":"Fachin manda ao plen\u00e1rio pedido da PGR para suspender inqu\u00e9rito das fake news"},"content":{"rendered":"\n<h3 class=\"wp-block-heading\"><\/h3>\n\n\n\n<hr class=\"wp-block-separator\"\/>\n\n\n\n<p>O ministro do&nbsp;<a href=\"https:\/\/wscom.com.br\/stf-tipifica-gabinete-do-odio-com-a-qualificacao-de-associacao-criminosa\/\" target=\"_blank\" rel=\"noreferrer noopener\">Supremo Tribunal Federal (STF)<\/a>&nbsp;Edson Fachin enviou hoje (28) para julgamento no plen\u00e1rio da Corte o pedido feito pelo procurador-geral da Rep\u00fablica, Augusto Aras, para suspender o inqu\u00e9rito que apura a divulga\u00e7\u00e3o de not\u00edcias falsas e amea\u00e7as contra integrantes da Corte.<\/p>\n\n\n\n<p>No despacho, Fachin pediu \u00e0 presid\u00eancia do tribunal prefer\u00eancia no julgamento. O ministro \u00e9 relator uma a\u00e7\u00e3o da Rede Sustentabilidade, protocolada no ano passado para contestar a forma de abertura da investiga\u00e7\u00e3o.<\/p>\n\n\n\n<p>Com base nas investiga\u00e7\u00f5es desse processo foram cumpridos ontem (27)&nbsp; mandados de busca e apreens\u00e3o contra empres\u00e1rios e acusados de financiar, difamar e amea\u00e7ar os integrantes do tribunal nas redes sociais.<\/p>\n\n\n\n<p>Ao pedir a suspens\u00e3o, Aras disse cabe ao Minist\u00e9rio P\u00fablico dirigir a investiga\u00e7\u00e3o criminal e definir quais provas s\u00e3o relevantes.&nbsp; Al\u00e9m disso, o procurador destacou que se manifestou contra as medidas de busca e apreens\u00e3o realizadas, que, segundo ele, foram sugeridas pelo juiz instrutor do gabinete do ministro Alexandre de Moraes, relator do caso, ap\u00f3s receber relat\u00f3rio de investiga\u00e7\u00e3o da Policia Federal (PF).<\/p>\n\n\n\n<p>A abertura do inqu\u00e9rito foi feita em mar\u00e7o de 2019. Na \u00e9poca, o presidente do STF, ministro Dias Toffoli, defendeu a medida como forma de combater \u00e0 veicula\u00e7\u00e3o de not\u00edcias que atingem a honorabilidade e a seguran\u00e7a do STF, de seus membros e parentes. Segundo o presidente, que nomeou Alexandre de Moraes como relator do caso, a decis\u00e3o pela abertura est\u00e1 amparada no regimento interno da Corte.<\/p>\n\n\n\n<p>Na ocasi\u00e3o, a tramita\u00e7\u00e3o tamb\u00e9m foi questionada pela ex-procuradora-geral da Rep\u00fablica Raquel Dodge que chegou a arquivar o inqu\u00e9rito pela parte da PGR, no entanto, Moraes n\u00e3o aceitou o arquivamento.<\/p>\n","protected":false},"excerpt":{"rendered":"<p>O ministro do&nbsp;Supremo Tribunal Federal (STF)&nbsp;Edson Fachin enviou hoje (28) para julgamento no plen\u00e1rio da Corte o pedido feito pelo procurador-geral da Rep\u00fablica, Augusto Aras,&hellip; <\/p>\n","protected":false},"author":2,"featured_media":172024,"comment_status":"closed","ping_status":"closed","sticky":false,"template":"","format":"standard","meta":{"sfsi_plus_gutenberg_text_before_share":"","sfsi_plus_gutenberg_show_text_before_share":"","sfsi_plus_gutenberg_icon_type":"","sfsi_plus_gutenberg_icon_alignemt":"","sfsi_plus_gutenburg_max_per_row":"","footnotes":""},"categories":[2],"tags":[],"class_list":["post-172023","post","type-post","status-publish","format-standard","has-post-thumbnail","hentry","category-geral"],"_links":{"self":[{"href":"https:\/\/www.caririemacao.com\/1\/wp-json\/wp\/v2\/posts\/172023","targetHints":{"allow":["GET"]}}],"collection":[{"href":"https:\/\/www.caririemacao.com\/1\/wp-json\/wp\/v2\/posts"}],"about":[{"href":"https:\/\/www.caririemacao.com\/1\/wp-json\/wp\/v2\/types\/post"}],"author":[{"embeddable":true,"href":"https:\/\/www.caririemacao.com\/1\/wp-json\/wp\/v2\/users\/2"}],"replies":[{"embeddable":true,"href":"https:\/\/www.caririemacao.com\/1\/wp-json\/wp\/v2\/comments?post=172023"}],"version-history":[{"count":1,"href":"https:\/\/www.caririemacao.com\/1\/wp-json\/wp\/v2\/posts\/172023\/revisions"}],"predecessor-version":[{"id":172025,"href":"https:\/\/www.caririemacao.com\/1\/wp-json\/wp\/v2\/posts\/172023\/revisions\/172025"}],"wp:featuredmedia":[{"embeddable":true,"href":"https:\/\/www.caririemacao.com\/1\/wp-json\/wp\/v2\/media\/172024"}],"wp:attachment":[{"href":"https:\/\/www.caririemacao.com\/1\/wp-json\/wp\/v2\/media?parent=172023"}],"wp:term":[{"taxonomy":"category","embeddable":true,"href":"https:\/\/www.caririemacao.com\/1\/wp-json\/wp\/v2\/categories?post=172023"},{"taxonomy":"post_tag","embeddable":true,"href":"https:\/\/www.caririemacao.com\/1\/wp-json\/wp\/v2\/tags?post=172023"}],"curies":[{"name":"wp","href":"https:\/\/api.w.org\/{rel}","templated":true}]}}