{"id":172027,"date":"2020-05-29T07:46:33","date_gmt":"2020-05-29T10:46:33","guid":{"rendered":"https:\/\/www.caririemacao.com\/1\/?p=172027"},"modified":"2020-05-29T07:46:33","modified_gmt":"2020-05-29T10:46:33","slug":"botafogo-pb-renova-contratos-de-atacantes-e-libera-meia-e-lateral","status":"publish","type":"post","link":"https:\/\/www.caririemacao.com\/1\/2020\/05\/29\/botafogo-pb-renova-contratos-de-atacantes-e-libera-meia-e-lateral\/","title":{"rendered":"Botafogo-PB renova contratos de atacantes e libera meia e lateral"},"content":{"rendered":"\n<h3 class=\"wp-block-heading\"><\/h3>\n\n\n\n<hr class=\"wp-block-separator\"\/>\n\n\n\n<p>O&nbsp;<strong>Botafogo-PB<\/strong>&nbsp;anunciou nesta quinta-feira (28) a renova\u00e7\u00e3o dos contratos dos atacantes Kelvin e Dico.<\/p>\n\n\n\n<p>Dico teve seu contrato assinado at\u00e9 a final da s\u00e9rie C dessa temporada. Ele veste a camisa do Belo desde 2017. J\u00e1 Kelvin,&nbsp; assinou seu contrato por mais um ano, at\u00e9 maio de 2021.<\/p>\n\n\n\n<p>O clube tamb\u00e9m revelou duas baixas. O meio-campista Enercino e o lateral Neilson n\u00e3o tiveram os contratos renovados com a equipe e foram liberados.<\/p>\n","protected":false},"excerpt":{"rendered":"<p>O&nbsp;Botafogo-PB&nbsp;anunciou nesta quinta-feira (28) a renova\u00e7\u00e3o dos contratos dos atacantes Kelvin e Dico. Dico teve seu contrato assinado at\u00e9 a final da s\u00e9rie C dessa&hellip; <\/p>\n","protected":false},"author":2,"featured_media":172028,"comment_status":"closed","ping_status":"closed","sticky":false,"template":"","format":"standard","meta":{"sfsi_plus_gutenberg_text_before_share":"","sfsi_plus_gutenberg_show_text_before_share":"","sfsi_plus_gutenberg_icon_type":"","sfsi_plus_gutenberg_icon_alignemt":"","sfsi_plus_gutenburg_max_per_row":"","footnotes":""},"categories":[13],"tags":[],"class_list":["post-172027","post","type-post","status-publish","format-standard","has-post-thumbnail","hentry","category-esportes"],"_links":{"self":[{"href":"https:\/\/www.caririemacao.com\/1\/wp-json\/wp\/v2\/posts\/172027","targetHints":{"allow":["GET"]}}],"collection":[{"href":"https:\/\/www.caririemacao.com\/1\/wp-json\/wp\/v2\/posts"}],"about":[{"href":"https:\/\/www.caririemacao.com\/1\/wp-json\/wp\/v2\/types\/post"}],"author":[{"embeddable":true,"href":"https:\/\/www.caririemacao.com\/1\/wp-json\/wp\/v2\/users\/2"}],"replies":[{"embeddable":true,"href":"https:\/\/www.caririemacao.com\/1\/wp-json\/wp\/v2\/comments?post=172027"}],"version-history":[{"count":1,"href":"https:\/\/www.caririemacao.com\/1\/wp-json\/wp\/v2\/posts\/172027\/revisions"}],"predecessor-version":[{"id":172029,"href":"https:\/\/www.caririemacao.com\/1\/wp-json\/wp\/v2\/posts\/172027\/revisions\/172029"}],"wp:featuredmedia":[{"embeddable":true,"href":"https:\/\/www.caririemacao.com\/1\/wp-json\/wp\/v2\/media\/172028"}],"wp:attachment":[{"href":"https:\/\/www.caririemacao.com\/1\/wp-json\/wp\/v2\/media?parent=172027"}],"wp:term":[{"taxonomy":"category","embeddable":true,"href":"https:\/\/www.caririemacao.com\/1\/wp-json\/wp\/v2\/categories?post=172027"},{"taxonomy":"post_tag","embeddable":true,"href":"https:\/\/www.caririemacao.com\/1\/wp-json\/wp\/v2\/tags?post=172027"}],"curies":[{"name":"wp","href":"https:\/\/api.w.org\/{rel}","templated":true}]}}