{"id":172039,"date":"2020-05-29T07:55:40","date_gmt":"2020-05-29T10:55:40","guid":{"rendered":"https:\/\/www.caririemacao.com\/1\/?p=172039"},"modified":"2020-05-29T07:55:40","modified_gmt":"2020-05-29T10:55:40","slug":"camara-aprova-mp-que-aumenta-salario-minimo-para-r-1-045","status":"publish","type":"post","link":"https:\/\/www.caririemacao.com\/1\/2020\/05\/29\/camara-aprova-mp-que-aumenta-salario-minimo-para-r-1-045\/","title":{"rendered":"C\u00e2mara aprova MP que aumenta sal\u00e1rio m\u00ednimo para R$ 1.045"},"content":{"rendered":"\n<h1 class=\"wp-block-heading\"><\/h1>\n\n\n\n<p>A C\u00e2mara aprovou hoje,&nbsp; a &nbsp;<strong>Medida Provis\u00f3ria 919\/20<\/strong>, que aumenta o sal\u00e1rio m\u00ednimo para<strong>&nbsp;R$ 1.045<\/strong>&nbsp;em 2020. O texto segue para an\u00e1lise para o Senado.<\/p>\n\n\n\n<p>Os deputados aprovaram o projeto de lei de convers\u00e3o do deputado Coronel Armando (PSL-SC) e incorpora ao sal\u00e1rio m\u00ednimo o aumento que passou a vigorar em janeiro deste ano, quando a MP 916\/19 foi publicada.<\/p>\n\n\n\n<p>A MP 916\/19, editada no final do ano passado, acrescentou ao sal\u00e1rio m\u00ednimo um reajuste de 4,1%, que correspondeu \u00e0 estimativa do \u00cdndice Nacioanl do Pre\u00e7os ao Consumidor (INPC) para 2019. Com isso, o sal\u00e1rio m\u00ednimo passou de R$$ 998 para R$ 1.039.<\/p>\n\n\n\n<p>Como a infla\u00e7\u00e3o de dezembro de 2019 foi divulgada em janeiro deste ano, o \u00edndice anual do INPC do ano passado foi de 4,48%. Com isso, o sal\u00e1rio m\u00ednimo teve uma&nbsp;alta nominal de 4,7%, chegando ao valor final de R$ 1.045.<\/p>\n\n\n\n<p>O governo federal estima que, para cada R$1 de aumento no sal\u00e1rio m\u00ednimo, os gastos p\u00fablicos elevam-se em aproximadamente em R$ 355,5 milh\u00f5es. As despesas impactadas pelo m\u00ednimo s\u00e3o: abono salarial e seguro desemprego, benef\u00edcios previdenci\u00e1rios (como aposentadorias e pens\u00f5es) e benef\u00edcios assistenciais (como o Benef\u00edcio da Presta\u00e7\u00e3o Continuada \u2013 BPC).<\/p>\n","protected":false},"excerpt":{"rendered":"<p>A C\u00e2mara aprovou hoje,&nbsp; a &nbsp;Medida Provis\u00f3ria 919\/20, que aumenta o sal\u00e1rio m\u00ednimo para&nbsp;R$ 1.045&nbsp;em 2020. O texto segue para an\u00e1lise para o Senado. Os&hellip; <\/p>\n","protected":false},"author":2,"featured_media":167707,"comment_status":"closed","ping_status":"closed","sticky":false,"template":"","format":"standard","meta":{"sfsi_plus_gutenberg_text_before_share":"","sfsi_plus_gutenberg_show_text_before_share":"","sfsi_plus_gutenberg_icon_type":"","sfsi_plus_gutenberg_icon_alignemt":"","sfsi_plus_gutenburg_max_per_row":"","footnotes":""},"categories":[2],"tags":[],"class_list":["post-172039","post","type-post","status-publish","format-standard","has-post-thumbnail","hentry","category-geral"],"_links":{"self":[{"href":"https:\/\/www.caririemacao.com\/1\/wp-json\/wp\/v2\/posts\/172039","targetHints":{"allow":["GET"]}}],"collection":[{"href":"https:\/\/www.caririemacao.com\/1\/wp-json\/wp\/v2\/posts"}],"about":[{"href":"https:\/\/www.caririemacao.com\/1\/wp-json\/wp\/v2\/types\/post"}],"author":[{"embeddable":true,"href":"https:\/\/www.caririemacao.com\/1\/wp-json\/wp\/v2\/users\/2"}],"replies":[{"embeddable":true,"href":"https:\/\/www.caririemacao.com\/1\/wp-json\/wp\/v2\/comments?post=172039"}],"version-history":[{"count":1,"href":"https:\/\/www.caririemacao.com\/1\/wp-json\/wp\/v2\/posts\/172039\/revisions"}],"predecessor-version":[{"id":172041,"href":"https:\/\/www.caririemacao.com\/1\/wp-json\/wp\/v2\/posts\/172039\/revisions\/172041"}],"wp:featuredmedia":[{"embeddable":true,"href":"https:\/\/www.caririemacao.com\/1\/wp-json\/wp\/v2\/media\/167707"}],"wp:attachment":[{"href":"https:\/\/www.caririemacao.com\/1\/wp-json\/wp\/v2\/media?parent=172039"}],"wp:term":[{"taxonomy":"category","embeddable":true,"href":"https:\/\/www.caririemacao.com\/1\/wp-json\/wp\/v2\/categories?post=172039"},{"taxonomy":"post_tag","embeddable":true,"href":"https:\/\/www.caririemacao.com\/1\/wp-json\/wp\/v2\/tags?post=172039"}],"curies":[{"name":"wp","href":"https:\/\/api.w.org\/{rel}","templated":true}]}}