{"id":172043,"date":"2020-05-29T07:57:31","date_gmt":"2020-05-29T10:57:31","guid":{"rendered":"https:\/\/www.caririemacao.com\/1\/?p=172043"},"modified":"2020-05-29T07:57:31","modified_gmt":"2020-05-29T10:57:31","slug":"estado-empenha-despesas-de-combate-ao-coronavirus-com-recursos-da-educacao-e-tce-pb-emite-alerta","status":"publish","type":"post","link":"https:\/\/www.caririemacao.com\/1\/2020\/05\/29\/estado-empenha-despesas-de-combate-ao-coronavirus-com-recursos-da-educacao-e-tce-pb-emite-alerta\/","title":{"rendered":"Estado empenha despesas de combate ao Coronav\u00edrus com recursos da educa\u00e7\u00e3o e TCE-PB emite alerta"},"content":{"rendered":"\n<h1 class=\"wp-block-heading\"><\/h1>\n\n\n\n<p>O comit\u00ea Especial de Acompanhamento da Gest\u00e3o do Tribunal de Contas do Estado da Para\u00edba (TCE-PB), institu\u00eddo para fiscalizar as a\u00e7\u00f5es do Governo do Estado no combate \u00e0 pandemia causada pelo novo Coronav\u00edrus, identificou o comprometimento de recursos da educa\u00e7\u00e3o com despesas que evidenciam desvio de finalidade. Os achados de Auditoria resultaram em recomenda\u00e7\u00f5es e a emiss\u00e3o de alerta por parte do relator das contas do Estado, do atual exerc\u00edcio, conselheiro Fernando Cat\u00e3o.<\/p>\n\n\n\n<p>Conforme o 7\u00ba Relat\u00f3rio de Acompanhamento das A\u00e7\u00f5es do Governo do Estado \u00e0 covid-19, no processo 7158\/20, foram identificados empenhos no valor de R$ 838.390,00 vinculados \u00e0 fonte de recursos Manuten\u00e7\u00e3o e Desenvolvimento de Ensino (MDE). De acordo com as Notas de Empenho, no endere\u00e7o eletr\u00f4nico, criado pelo governo estadual, para divulgar as a\u00e7\u00f5es de combate ao novo Coronav\u00edrus (&nbsp;<a href=\"https:\/\/paraiba.pb.gov.br\/diretas\/saude\/coronavirus\/\" target=\"_blank\" rel=\"noreferrer noopener\">https: paraiba.pb.gov.br\/diretas\/saude\/coronavirus\/<\/a>&nbsp;), e tamb\u00e9m no Sistema de Administra\u00e7\u00e3o Financeira (SIAFI), estas despesas est\u00e3o qualificadas como \u201cAux\u00edlio Financeiro a Pesquisadores\u201d, em trabalhos de pesquisa voltados \u00e0 covid-19.<\/p>\n\n\n\n<p>Levando em considera\u00e7\u00e3o todos os aspectos relatados pela auditoria, o Alerta n<sup>o&nbsp;<\/sup>01130\/20, publicado no Di\u00e1rio Oficial Eletr\u00f4nico (DOE) do TCE-PB nesta sexta-feira (29), recomenda que o Governo do Estado, sob responsabilidade do governador Jo\u00e3o Azev\u00eado, adote medidas de preven\u00e7\u00e3o ou corre\u00e7\u00e3o em rela\u00e7\u00e3o ao \u201cuso inadequado de recursos de impostos e transfer\u00eancias vinculados \u00e0 educa\u00e7\u00e3o\u201d.<\/p>\n","protected":false},"excerpt":{"rendered":"<p>O comit\u00ea Especial de Acompanhamento da Gest\u00e3o do Tribunal de Contas do Estado da Para\u00edba (TCE-PB), institu\u00eddo para fiscalizar as a\u00e7\u00f5es do Governo do Estado&hellip; <\/p>\n","protected":false},"author":2,"featured_media":170781,"comment_status":"closed","ping_status":"closed","sticky":false,"template":"","format":"standard","meta":{"sfsi_plus_gutenberg_text_before_share":"","sfsi_plus_gutenberg_show_text_before_share":"","sfsi_plus_gutenberg_icon_type":"","sfsi_plus_gutenberg_icon_alignemt":"","sfsi_plus_gutenburg_max_per_row":"","footnotes":""},"categories":[2],"tags":[],"class_list":["post-172043","post","type-post","status-publish","format-standard","has-post-thumbnail","hentry","category-geral"],"_links":{"self":[{"href":"https:\/\/www.caririemacao.com\/1\/wp-json\/wp\/v2\/posts\/172043","targetHints":{"allow":["GET"]}}],"collection":[{"href":"https:\/\/www.caririemacao.com\/1\/wp-json\/wp\/v2\/posts"}],"about":[{"href":"https:\/\/www.caririemacao.com\/1\/wp-json\/wp\/v2\/types\/post"}],"author":[{"embeddable":true,"href":"https:\/\/www.caririemacao.com\/1\/wp-json\/wp\/v2\/users\/2"}],"replies":[{"embeddable":true,"href":"https:\/\/www.caririemacao.com\/1\/wp-json\/wp\/v2\/comments?post=172043"}],"version-history":[{"count":1,"href":"https:\/\/www.caririemacao.com\/1\/wp-json\/wp\/v2\/posts\/172043\/revisions"}],"predecessor-version":[{"id":172044,"href":"https:\/\/www.caririemacao.com\/1\/wp-json\/wp\/v2\/posts\/172043\/revisions\/172044"}],"wp:featuredmedia":[{"embeddable":true,"href":"https:\/\/www.caririemacao.com\/1\/wp-json\/wp\/v2\/media\/170781"}],"wp:attachment":[{"href":"https:\/\/www.caririemacao.com\/1\/wp-json\/wp\/v2\/media?parent=172043"}],"wp:term":[{"taxonomy":"category","embeddable":true,"href":"https:\/\/www.caririemacao.com\/1\/wp-json\/wp\/v2\/categories?post=172043"},{"taxonomy":"post_tag","embeddable":true,"href":"https:\/\/www.caririemacao.com\/1\/wp-json\/wp\/v2\/tags?post=172043"}],"curies":[{"name":"wp","href":"https:\/\/api.w.org\/{rel}","templated":true}]}}