{"id":172046,"date":"2020-05-29T08:53:53","date_gmt":"2020-05-29T11:53:53","guid":{"rendered":"https:\/\/www.caririemacao.com\/1\/?p=172046"},"modified":"2020-05-29T08:53:53","modified_gmt":"2020-05-29T11:53:53","slug":"coronavirus-sancionado-auxilio-de-r-448-milhoes-para-prefeituras-e-governo-da-paraiba","status":"publish","type":"post","link":"https:\/\/www.caririemacao.com\/1\/2020\/05\/29\/coronavirus-sancionado-auxilio-de-r-448-milhoes-para-prefeituras-e-governo-da-paraiba\/","title":{"rendered":"Coronav\u00edrus: sancionado aux\u00edlio de R$ 448 milh\u00f5es para prefeituras e Governo da Para\u00edba"},"content":{"rendered":"\n<h1 class=\"wp-block-heading\"><\/h1>\n\n\n\n<p>A Para\u00edba vai receber quatro parcelas de R$ 112 milh\u00f5es nos pr\u00f3ximos meses, totalizando 448,1 milh\u00f5es, que v\u00e3o ser enviados como aux\u00edlio emergencial aos estados por parte do governo federal. Os valores, que&nbsp;tinham sido aprovados no Congresso Nacional h\u00e1 cerca de um m\u00eas, foram&nbsp;sancionados pelo presidente Jair Bolsonaro (Sem partido)&nbsp;e publicados nesta de edi\u00e7\u00e3o especial do Di\u00e1rio Oficial da Uni\u00e3o (DOU) desta quinta-feira (28).<\/p>\n\n\n\n<p>O presidente vetou o trecho da lei que tratava dos sal\u00e1rios de servidores. Com o veto, os servidores ficar\u00e3o sem reajuste salarial at\u00e9 o fim de 2021. De acordo o projeto sancionado pelo presidente, do total que vai ser enviado \u00e0 Para\u00edba,&nbsp;R$ 348,9 milh\u00f5es v\u00e3o para os 223 munic\u00edpios paraibanos e aproximadamente R$ 99 milh\u00f5es para o Governo&nbsp;da Para\u00edba.<\/p>\n\n\n\n<p>De acordo com o texto, a Uni\u00e3o entregar\u00e1, na forma de aux\u00edlio financeiro, aos estados, ao Distrito Federal e aos munic\u00edpios, em quatro parcelas mensais e iguais, no exerc\u00edcio de 2020, o valor de R$ 60 bilh\u00f5es para serem aplicados, em a\u00e7\u00f5es de enfrentamento ao novo coronav\u00edrus (Covid-19).<\/p>\n\n\n\n<p>Conforme lista publicada pela Federa\u00e7\u00e3o das Associa\u00e7\u00f5es dos Munic\u00edpios da Para\u00edba (Famup), somando as cotas por cidade e por a\u00e7\u00e3o direta contra o coronav\u00edrus, as cidades de Jo\u00e3o Pessoa, com R$ 70,2 milh\u00f5es, e Campina Grande, com R$ 35,5 milh\u00f5es devem ser os munic\u00edpios a receber os maiores volumes de recursos devido \u00e0 pandemia.<\/p>\n\n\n\n<p>O munic\u00edpio com previs\u00e3o de menor cota conforme a lista \u00e9 o de Parari, cidade a 240 km de Jo\u00e3o Pessoa, com uma cota prevista de R$ 153 mil de aux\u00edlio.<\/p>\n\n\n\n<h2 class=\"wp-block-heading\">Reajuste a servidores<\/h2>\n\n\n\n<p>Apesar da queda na arrecada\u00e7\u00e3o, o Governo da Para\u00edba teve o&nbsp;reajuste dos servidores estaduais de 5% promulgado no dia 14 de maio. O reajuste j\u00e1 havia sido&nbsp;concedido em janeiro por meio de Medida Provis\u00f3ria&nbsp;assinada pelo governador Jo\u00e3o Azev\u00eado.<\/p>\n\n\n\n<p>O aumento vale para ocupantes de cargos ou empregos p\u00fablicos de provimento efetivo, ativos, inativos e pensionistas. O menor vencimento atribu\u00eddo aos servidores contratados ser\u00e1 o valor correspondente ao sal\u00e1rio m\u00ednimo nacional.<\/p>\n","protected":false},"excerpt":{"rendered":"<p>A Para\u00edba vai receber quatro parcelas de R$ 112 milh\u00f5es nos pr\u00f3ximos meses, totalizando 448,1 milh\u00f5es, que v\u00e3o ser enviados como aux\u00edlio emergencial aos estados&hellip; <\/p>\n","protected":false},"author":2,"featured_media":172047,"comment_status":"closed","ping_status":"closed","sticky":false,"template":"","format":"standard","meta":{"sfsi_plus_gutenberg_text_before_share":"","sfsi_plus_gutenberg_show_text_before_share":"","sfsi_plus_gutenberg_icon_type":"","sfsi_plus_gutenberg_icon_alignemt":"","sfsi_plus_gutenburg_max_per_row":"","footnotes":""},"categories":[2],"tags":[],"class_list":["post-172046","post","type-post","status-publish","format-standard","has-post-thumbnail","hentry","category-geral"],"_links":{"self":[{"href":"https:\/\/www.caririemacao.com\/1\/wp-json\/wp\/v2\/posts\/172046","targetHints":{"allow":["GET"]}}],"collection":[{"href":"https:\/\/www.caririemacao.com\/1\/wp-json\/wp\/v2\/posts"}],"about":[{"href":"https:\/\/www.caririemacao.com\/1\/wp-json\/wp\/v2\/types\/post"}],"author":[{"embeddable":true,"href":"https:\/\/www.caririemacao.com\/1\/wp-json\/wp\/v2\/users\/2"}],"replies":[{"embeddable":true,"href":"https:\/\/www.caririemacao.com\/1\/wp-json\/wp\/v2\/comments?post=172046"}],"version-history":[{"count":1,"href":"https:\/\/www.caririemacao.com\/1\/wp-json\/wp\/v2\/posts\/172046\/revisions"}],"predecessor-version":[{"id":172048,"href":"https:\/\/www.caririemacao.com\/1\/wp-json\/wp\/v2\/posts\/172046\/revisions\/172048"}],"wp:featuredmedia":[{"embeddable":true,"href":"https:\/\/www.caririemacao.com\/1\/wp-json\/wp\/v2\/media\/172047"}],"wp:attachment":[{"href":"https:\/\/www.caririemacao.com\/1\/wp-json\/wp\/v2\/media?parent=172046"}],"wp:term":[{"taxonomy":"category","embeddable":true,"href":"https:\/\/www.caririemacao.com\/1\/wp-json\/wp\/v2\/categories?post=172046"},{"taxonomy":"post_tag","embeddable":true,"href":"https:\/\/www.caririemacao.com\/1\/wp-json\/wp\/v2\/tags?post=172046"}],"curies":[{"name":"wp","href":"https:\/\/api.w.org\/{rel}","templated":true}]}}