{"id":172050,"date":"2020-05-29T08:57:27","date_gmt":"2020-05-29T11:57:27","guid":{"rendered":"https:\/\/www.caririemacao.com\/1\/?p=172050"},"modified":"2020-05-29T08:57:27","modified_gmt":"2020-05-29T11:57:27","slug":"reporter-da-tv-paraiba-afiliada-da-globo-passa-mal-ao-vivo-durante-telejornal","status":"publish","type":"post","link":"https:\/\/www.caririemacao.com\/1\/2020\/05\/29\/reporter-da-tv-paraiba-afiliada-da-globo-passa-mal-ao-vivo-durante-telejornal\/","title":{"rendered":"Rep\u00f3rter da TV Para\u00edba, afiliada da Globo, passa mal ao vivo durante telejornal"},"content":{"rendered":"\n<h1 class=\"wp-block-heading\"><\/h1>\n\n\n\n<p>O rep\u00f3rter Artur Lira, da TV Para\u00edba, afiliada da Globo em Campina Grande, passou mal ao vivo no JPB1 desta quinta-feira (28). Ele falava sobre o veto do governador Jo\u00e3o Azev\u00eado ao desconto em mensalidades de escolas e faculdades particulares que oferecem aulas on-line durante a pandemia do novo coronav\u00edrus.<\/p>\n\n\n\n<p>Enquanto explicava as condi\u00e7\u00f5es de desconto, que ser\u00e3o v\u00e1lidos para estudantes de escolas que n\u00e3o est\u00e3o ofertando ensino por videoconfer\u00eancia ao vivo, Artur gaguejou, ficou confuso com as palavras e, enfim, pediu um tempo ao apresentador Danilo Alves para se recompor.<\/p>\n\n\n\n<p>\u201cDanilo, me d\u00e1 s\u00f3 um minutinho, que eu n\u00e3o t\u00f4 muito bem. Pode ser?\u201d, pediu o rep\u00f3rter.<\/p>\n\n\n\n<p>O apresentador do JPB1 encerrou o ao vivo com Artur Lira, que voltou no bloco seguinte do telejornal recuperado. \u201cArtur, voc\u00ea t\u00e1 bem?\u201d, perguntou Danilo Alves.<\/p>\n\n\n\n<p>Sorrindo, Artur explicou que estava bem melhor e que teria tido um mal estar porque estava em um ambiente fechado, abafado, que dificultou sua respira\u00e7\u00e3o j\u00e1 limitada pelo uso da m\u00e1scara, importante na prote\u00e7\u00e3o contra o novo coronav\u00edrus. \u201cT\u00f4 bem, sim, Danilo. \u00c9 que eu tava num lugar fechado, quente. Agora ao ar livre t\u00e1 tudo perfeito.\u201d<\/p>\n\n\n\n<p>Artur Lira ficou conhecido nacionalmente&nbsp;nas redes sociais quando viralizou um v\u00eddeo enquanto ele tentava&nbsp;gravar um trecho de reportagem e foi interrompido v\u00e1rias vezes por um gato. O assunto foi mostrado no programa da Globo, \u2018Se Joga\u2019.ClickPB<\/p>\n","protected":false},"excerpt":{"rendered":"<p>O rep\u00f3rter Artur Lira, da TV Para\u00edba, afiliada da Globo em Campina Grande, passou mal ao vivo no JPB1 desta quinta-feira (28). Ele falava sobre&hellip; <\/p>\n","protected":false},"author":2,"featured_media":172051,"comment_status":"closed","ping_status":"closed","sticky":false,"template":"","format":"standard","meta":{"sfsi_plus_gutenberg_text_before_share":"","sfsi_plus_gutenberg_show_text_before_share":"","sfsi_plus_gutenberg_icon_type":"","sfsi_plus_gutenberg_icon_alignemt":"","sfsi_plus_gutenburg_max_per_row":"","footnotes":""},"categories":[2],"tags":[],"class_list":["post-172050","post","type-post","status-publish","format-standard","has-post-thumbnail","hentry","category-geral"],"_links":{"self":[{"href":"https:\/\/www.caririemacao.com\/1\/wp-json\/wp\/v2\/posts\/172050","targetHints":{"allow":["GET"]}}],"collection":[{"href":"https:\/\/www.caririemacao.com\/1\/wp-json\/wp\/v2\/posts"}],"about":[{"href":"https:\/\/www.caririemacao.com\/1\/wp-json\/wp\/v2\/types\/post"}],"author":[{"embeddable":true,"href":"https:\/\/www.caririemacao.com\/1\/wp-json\/wp\/v2\/users\/2"}],"replies":[{"embeddable":true,"href":"https:\/\/www.caririemacao.com\/1\/wp-json\/wp\/v2\/comments?post=172050"}],"version-history":[{"count":1,"href":"https:\/\/www.caririemacao.com\/1\/wp-json\/wp\/v2\/posts\/172050\/revisions"}],"predecessor-version":[{"id":172052,"href":"https:\/\/www.caririemacao.com\/1\/wp-json\/wp\/v2\/posts\/172050\/revisions\/172052"}],"wp:featuredmedia":[{"embeddable":true,"href":"https:\/\/www.caririemacao.com\/1\/wp-json\/wp\/v2\/media\/172051"}],"wp:attachment":[{"href":"https:\/\/www.caririemacao.com\/1\/wp-json\/wp\/v2\/media?parent=172050"}],"wp:term":[{"taxonomy":"category","embeddable":true,"href":"https:\/\/www.caririemacao.com\/1\/wp-json\/wp\/v2\/categories?post=172050"},{"taxonomy":"post_tag","embeddable":true,"href":"https:\/\/www.caririemacao.com\/1\/wp-json\/wp\/v2\/tags?post=172050"}],"curies":[{"name":"wp","href":"https:\/\/api.w.org\/{rel}","templated":true}]}}