{"id":172054,"date":"2020-05-29T09:00:04","date_gmt":"2020-05-29T12:00:04","guid":{"rendered":"https:\/\/www.caririemacao.com\/1\/?p=172054"},"modified":"2020-05-29T09:00:04","modified_gmt":"2020-05-29T12:00:04","slug":"datafolha-43-reprovam-governo-bolsonaro-33-aprovam-e-22-consideram-regular","status":"publish","type":"post","link":"https:\/\/www.caririemacao.com\/1\/2020\/05\/29\/datafolha-43-reprovam-governo-bolsonaro-33-aprovam-e-22-consideram-regular\/","title":{"rendered":"Datafolha: 43% reprovam governo Bolsonaro, 33% aprovam e 22% consideram regular"},"content":{"rendered":"\n<h2 class=\"wp-block-heading\"><\/h2>\n\n\n\n<p>Pesquisa Datafolha divulgada pelo jornal \u201cFolha de S.Paulo\u201d nesta quinta-feira (28) mostra os seguintes percentuais de aprova\u00e7\u00e3o e reprova\u00e7\u00e3o do governo do presidente Jair Bolsonaro (sem partido):<br><br>\u00d3timo\/bom: 33%<br>Regular: 22%<br>Ruim\/p\u00e9ssimo: 43%<br>N\u00e3o sabe\/n\u00e3o respondeu: 2%<br><br>O levantamento ouviu 2.069 pessoas maiores de idade na segunda-feira (25) e na ter\u00e7a-feira (26). As entrevistas foram feitas por telefone. A margem de erro da pesquisa \u00e9 de dois pontos percentuais.<br><br>A pesquisa foi feita em meio \u00e0 crise da pandemia do novo coronav\u00edrus, poucos dias ap\u00f3s a divulga\u00e7\u00e3o pelo Supremo Tribunal Federal de v\u00eddeo de reuni\u00e3o ministerial de 22 de abril. A grava\u00e7\u00e3o faz parte de inqu\u00e9rito que investiga suposta interfer\u00eancia do presidente da Rep\u00fablica na Pol\u00edcia Federal.<br><br>A reprova\u00e7\u00e3o de 43% dos entrevistados \u00e9 o valor mais baixo segundo os levantamentos Datafolha feitos desde o in\u00edcio do mandato de Bolsonaro.<br><br>Na pesquisa anterior do Datafolha, feita em 27 de abril e divulgada no dia seguinte, os resultados foram, segundo a Folha:<br><br>\u00d3timo\/bom: 33%<br>Regular: 26%<br>Ruim\/p\u00e9ssimo: 38%<br>N\u00e3o sabe\/n\u00e3o respondeu: 2%<br><br>O levantamento do Datafolha do in\u00edcio de abril, feito entre os dias 1\u00ba e 3, mostrava um cen\u00e1rio parecido com o \u00faltimo, mas a reprova\u00e7\u00e3o do presidente era maior:<br><br>\u00d3timo\/bom: 33%<br>Regular: 25%<br>Ruim\/p\u00e9ssimo: 39%<br>N\u00e3o sabe\/n\u00e3o respondeu: 2%<\/p>\n","protected":false},"excerpt":{"rendered":"<p>Pesquisa Datafolha divulgada pelo jornal \u201cFolha de S.Paulo\u201d nesta quinta-feira (28) mostra os seguintes percentuais de aprova\u00e7\u00e3o e reprova\u00e7\u00e3o do governo do presidente Jair Bolsonaro&hellip; <\/p>\n","protected":false},"author":2,"featured_media":172055,"comment_status":"closed","ping_status":"closed","sticky":false,"template":"","format":"standard","meta":{"sfsi_plus_gutenberg_text_before_share":"","sfsi_plus_gutenberg_show_text_before_share":"","sfsi_plus_gutenberg_icon_type":"","sfsi_plus_gutenberg_icon_alignemt":"","sfsi_plus_gutenburg_max_per_row":"","footnotes":""},"categories":[11],"tags":[],"class_list":["post-172054","post","type-post","status-publish","format-standard","has-post-thumbnail","hentry","category-politica"],"_links":{"self":[{"href":"https:\/\/www.caririemacao.com\/1\/wp-json\/wp\/v2\/posts\/172054","targetHints":{"allow":["GET"]}}],"collection":[{"href":"https:\/\/www.caririemacao.com\/1\/wp-json\/wp\/v2\/posts"}],"about":[{"href":"https:\/\/www.caririemacao.com\/1\/wp-json\/wp\/v2\/types\/post"}],"author":[{"embeddable":true,"href":"https:\/\/www.caririemacao.com\/1\/wp-json\/wp\/v2\/users\/2"}],"replies":[{"embeddable":true,"href":"https:\/\/www.caririemacao.com\/1\/wp-json\/wp\/v2\/comments?post=172054"}],"version-history":[{"count":1,"href":"https:\/\/www.caririemacao.com\/1\/wp-json\/wp\/v2\/posts\/172054\/revisions"}],"predecessor-version":[{"id":172056,"href":"https:\/\/www.caririemacao.com\/1\/wp-json\/wp\/v2\/posts\/172054\/revisions\/172056"}],"wp:featuredmedia":[{"embeddable":true,"href":"https:\/\/www.caririemacao.com\/1\/wp-json\/wp\/v2\/media\/172055"}],"wp:attachment":[{"href":"https:\/\/www.caririemacao.com\/1\/wp-json\/wp\/v2\/media?parent=172054"}],"wp:term":[{"taxonomy":"category","embeddable":true,"href":"https:\/\/www.caririemacao.com\/1\/wp-json\/wp\/v2\/categories?post=172054"},{"taxonomy":"post_tag","embeddable":true,"href":"https:\/\/www.caririemacao.com\/1\/wp-json\/wp\/v2\/tags?post=172054"}],"curies":[{"name":"wp","href":"https:\/\/api.w.org\/{rel}","templated":true}]}}