{"id":172062,"date":"2020-05-29T09:07:37","date_gmt":"2020-05-29T12:07:37","guid":{"rendered":"https:\/\/www.caririemacao.com\/1\/?p=172062"},"modified":"2020-05-29T09:07:37","modified_gmt":"2020-05-29T12:07:37","slug":"heleno-diz-que-nao-se-referiu-a-intervencao-militar-em-ameaca-sobre-apreensao-do-celular-de-bolsonaro","status":"publish","type":"post","link":"https:\/\/www.caririemacao.com\/1\/2020\/05\/29\/heleno-diz-que-nao-se-referiu-a-intervencao-militar-em-ameaca-sobre-apreensao-do-celular-de-bolsonaro\/","title":{"rendered":"Heleno diz que n\u00e3o se referiu a interven\u00e7\u00e3o militar em amea\u00e7a sobre apreens\u00e3o do celular de Bolsonaro"},"content":{"rendered":"\n<h1 class=\"wp-block-heading\"><br><\/h1>\n\n\n\n<p>O ministro do Gabinete de Seguran\u00e7a Institucional (GSI), Augusto Heleno, afirmou nesta quinta-feira (28) que a&nbsp;nota divulgada por ele na semana passada, sobre eventual apreens\u00e3o do celular do presidente Jair Bolsonaro, foi distorcida.<ins><a href=\"https:\/\/clevernetwork.pt\/\" target=\"_blank\" rel=\"noreferrer noopener\">By Clever Advertising<\/a><\/ins><\/p>\n\n\n\n<p>Na nota, Heleno disse que a apreens\u00e3o do aparelho seria \u201cinconceb\u00edvel\u201d e teria \u201cconsequ\u00eancias imprevis\u00edveis para a estabilidade nacional\u201d.&nbsp;A manifesta\u00e7\u00e3o provocou cr\u00edticas e rea\u00e7\u00f5es de diversas entidades.<\/p>\n\n\n\n<p>A maniesta\u00e7\u00e3o de Heleno, na semana passada, foi feita ap\u00f3s o ministro Celso de Mello, do Supremo Tribunal Federal (STF), encaminhar para an\u00e1lise da Procuradoria Geral da Rep\u00fablica (PGR) pedidos de parlamentares e partidos pol\u00edticos. Entre as demandas, est\u00e1 a apreens\u00e3o do celular de Bolsonaro.<\/p>\n\n\n\n<p>Cabe \u00e0 PGR decidir se pedir\u00e1 a apreens\u00e3o. \u00c9 praxe que ministros do STF enviem esse tipo de a\u00e7\u00e3o para manifesta\u00e7\u00e3o da procuradoria. Celso de Mello \u00e9 relator do inqu\u00e9rito que investiga den\u00fancias de que Bolsonaro interferiu politicamente na PF.<\/p>\n","protected":false},"excerpt":{"rendered":"<p>O ministro do Gabinete de Seguran\u00e7a Institucional (GSI), Augusto Heleno, afirmou nesta quinta-feira (28) que a&nbsp;nota divulgada por ele na semana passada, sobre eventual apreens\u00e3o&hellip; <\/p>\n","protected":false},"author":2,"featured_media":172063,"comment_status":"closed","ping_status":"closed","sticky":false,"template":"","format":"standard","meta":{"sfsi_plus_gutenberg_text_before_share":"","sfsi_plus_gutenberg_show_text_before_share":"","sfsi_plus_gutenberg_icon_type":"","sfsi_plus_gutenberg_icon_alignemt":"","sfsi_plus_gutenburg_max_per_row":"","footnotes":""},"categories":[2],"tags":[],"class_list":["post-172062","post","type-post","status-publish","format-standard","has-post-thumbnail","hentry","category-geral"],"_links":{"self":[{"href":"https:\/\/www.caririemacao.com\/1\/wp-json\/wp\/v2\/posts\/172062","targetHints":{"allow":["GET"]}}],"collection":[{"href":"https:\/\/www.caririemacao.com\/1\/wp-json\/wp\/v2\/posts"}],"about":[{"href":"https:\/\/www.caririemacao.com\/1\/wp-json\/wp\/v2\/types\/post"}],"author":[{"embeddable":true,"href":"https:\/\/www.caririemacao.com\/1\/wp-json\/wp\/v2\/users\/2"}],"replies":[{"embeddable":true,"href":"https:\/\/www.caririemacao.com\/1\/wp-json\/wp\/v2\/comments?post=172062"}],"version-history":[{"count":1,"href":"https:\/\/www.caririemacao.com\/1\/wp-json\/wp\/v2\/posts\/172062\/revisions"}],"predecessor-version":[{"id":172064,"href":"https:\/\/www.caririemacao.com\/1\/wp-json\/wp\/v2\/posts\/172062\/revisions\/172064"}],"wp:featuredmedia":[{"embeddable":true,"href":"https:\/\/www.caririemacao.com\/1\/wp-json\/wp\/v2\/media\/172063"}],"wp:attachment":[{"href":"https:\/\/www.caririemacao.com\/1\/wp-json\/wp\/v2\/media?parent=172062"}],"wp:term":[{"taxonomy":"category","embeddable":true,"href":"https:\/\/www.caririemacao.com\/1\/wp-json\/wp\/v2\/categories?post=172062"},{"taxonomy":"post_tag","embeddable":true,"href":"https:\/\/www.caririemacao.com\/1\/wp-json\/wp\/v2\/tags?post=172062"}],"curies":[{"name":"wp","href":"https:\/\/api.w.org\/{rel}","templated":true}]}}