{"id":172072,"date":"2020-05-29T09:17:51","date_gmt":"2020-05-29T12:17:51","guid":{"rendered":"https:\/\/www.caririemacao.com\/1\/?p=172072"},"modified":"2020-05-29T09:17:51","modified_gmt":"2020-05-29T12:17:51","slug":"ordens-absurdas-nao-se-cumprem-temos-que-por-limites-diz-bolsonaro-ao-ameacar-stf","status":"publish","type":"post","link":"https:\/\/www.caririemacao.com\/1\/2020\/05\/29\/ordens-absurdas-nao-se-cumprem-temos-que-por-limites-diz-bolsonaro-ao-ameacar-stf\/","title":{"rendered":"Ordens absurdas n\u00e3o se cumprem, temos que por limites\u201d, diz Bolsonaro ao amea\u00e7ar STF"},"content":{"rendered":"\n<h1 class=\"wp-block-heading\"><\/h1>\n\n\n\n<p>Presidente reagiu a opera\u00e7\u00e3o determinada um dia antes pela corte que mirou aliados do mandat\u00e1rio no chamado inqu\u00e9rito das fake newsPor<a href=\"https:\/\/paraibaja.com.br\/author\/redacao\/\">Reda\u00e7\u00e3o Para\u00edba J\u00e1<\/a>&nbsp;-28 de maio de 2020 \u00e0s 11:47<a href=\"https:\/\/www.facebook.com\/sharer.php?u=https%3A%2F%2Fparaibaja.com.br%2Fordens-absurdas-nao-se-cumprem-temos-que-por-limites-diz-bolsonaro-ao-ameacar-stf%2F\"><\/a><a href=\"https:\/\/twitter.com\/intent\/tweet?text=%E2%80%9COrdens+absurdas+n%C3%A3o+se+cumprem%2C+temos+que+por+limites%E2%80%9D%2C+diz+Bolsonaro+ao+amea%C3%A7ar+STF&amp;url=https%3A%2F%2Fparaibaja.com.br%2Fordens-absurdas-nao-se-cumprem-temos-que-por-limites-diz-bolsonaro-ao-ameacar-stf%2F&amp;via=%40Paraiba_ja\"><\/a><a href=\"https:\/\/pinterest.com\/pin\/create\/button\/?url=https:\/\/paraibaja.com.br\/ordens-absurdas-nao-se-cumprem-temos-que-por-limites-diz-bolsonaro-ao-ameacar-stf\/&amp;media=https:\/\/paraibaja.com.br\/wp-content\/uploads\/2020\/05\/bolsonaro-cala-a-boca.jpg&amp;description=%E2%80%9COrdens+absurdas+n%C3%A3o+se+cumprem%2C+temos+que+por+limites%E2%80%9D%2C+diz+Bolsonaro+ao+amea%C3%A7ar+STF\"><\/a><a href=\"whatsapp:\/\/send?text=%E2%80%9COrdens+absurdas+n%C3%A3o+se+cumprem%2C+temos+que+por+limites%E2%80%9D%2C+diz+Bolsonaro+ao+amea%C3%A7ar+STF %0A%0A https:\/\/paraibaja.com.br\/ordens-absurdas-nao-se-cumprem-temos-que-por-limites-diz-bolsonaro-ao-ameacar-stf\/\"><\/a><\/p>\n\n\n\n<p>Um dia ap\u00f3s uma opera\u00e7\u00e3o policial ordenada pelo STF (Supremo Tribunal Federal) ter atingido empres\u00e1rios, pol\u00edticos e ativistas bolsonaristas, o presidente Jair Bolsonaro (sem partido) criticou a investiga\u00e7\u00e3o e disparou queixas contra a corte.<\/p>\n\n\n\n<p>\u201cN\u00e3o teremos outro dia como ontem, chega\u201d, disse, na sa\u00edda do Pal\u00e1cio da Alvorada, em declara\u00e7\u00e3o transmitida pela rede CNN Brasil. \u201cQuerem tirar a m\u00eddia que eu tenho a meu favor sob o argumento mentiroso de fake news.\u201d<\/p>\n\n\n\n<figure><iframe width=\"728\" height=\"90\"><\/iframe><\/figure>\n\n\n\n<p>Em outro trecho, Bolsonaro afirmou ter em m\u00e3os as \u201carmas da democracia\u201d. E disse que \u201cordens absurdas n\u00e3o se cumprem\u201d e que \u201ctemos que botar limites\u201d.Quando os rep\u00f3rteres que estavam no local tentaram question\u00e1-lo a que ordens estava se referindo, o mandat\u00e1rio se recusou a responder, disse que n\u00e3o estava concedendo uma entrevista e que os profissionais poderiam ir embora se n\u00e3o quisessem ouvi-lo.<\/p>\n\n\n\n<p>Um dia antes a&nbsp;PF cumpriu 29 mandados de busca e apreens\u00e3o nesta quarta-feira&nbsp;no chamado inqu\u00e9rito das fake news, que apura ofensas, ataques e amea\u00e7as contra ministros do Supremo. Pol\u00edticos, empres\u00e1rios e ativistas bolsonaristas est\u00e3o entre os alvos da investiga\u00e7\u00e3o.<\/p>\n\n\n\n<p>Na fala desta quinta-feira (28), o presidente adotou um tom duro contra o inqu\u00e9rito das fake news que corre no tribunal, embora n\u00e3o tenha citado em nenhum momento o ministro Alexandre de Moraes, respons\u00e1vel pelo procedimento que apura ofensas, ataques e amea\u00e7as contra integrantes do STF.<\/p>\n\n\n\n<p>O mandat\u00e1rio disse que o termo \u201cgabinete do \u00f3dio\u201d (apelido dado a um grupo de servidores lotados na Presid\u00eancia da Rep\u00fablica que atuaria na dissemina\u00e7\u00e3o de not\u00edcias falsas e no ataque a reputa\u00e7\u00f5es de autoridades) foi \u201cinventado\u201d e defendeu enfaticamente a rede de apoio que tem nas m\u00eddias sociais.<\/p>\n\n\n\n<p>\u201cMais um dia triste na nossa hist\u00f3ria. Mas o povo tenha certeza, foi o \u00faltimo. Queremos paz, harmonia, independ\u00eancia e respeito. E democracia acima de tudo. A liberdade de express\u00e3o \u00e9 algo sagrado entre voc\u00eas [imprensa] e tamb\u00e9m entre a m\u00eddia alternativa. N\u00e3o podemos ficar apenas tendo a nossa disposi\u00e7\u00e3o um lado, a tradicional ou a m\u00eddia social. Os dois lados v\u00e3o conviver\u201d, afirmou.<\/p>\n\n\n\n<p>\u201cIdiotas inventaram [a express\u00e3o] gabinete do \u00f3dio. Outros imbecis inventaram mat\u00e9rias disso e lamento julgamento em cima disso\u201d, afirmou.<\/p>\n\n\n\n<p>Referindo-se ao inqu\u00e9rito, Bolsonaro afirmou ainda que um processo n\u00e3o pode come\u00e7ar \u201cem cima de factoides e fake news\u201d. Para Bolsonaro, a a\u00e7\u00e3o da PF ordenada pelo Supremo foi uma \u201cinvas\u00e3o de casas de pessoas inocentes\u201d, o que \u00e9 \u201cinadmiss\u00edvel\u201d.<\/p>\n\n\n\n<p>\u201cOntem trabalhamos o dia todo numa coisa, ouvindo quem teve sua propriedade privada violada. S\u00e3o chefes de fam\u00edlia, homens mulheres, que foram surpreendidos pela Pol\u00edcia Federal, que estava cumprindo ordens\u201d, declarou.<\/p>\n\n\n\n<p>Em um dos trechos mais exaltados de sua fala na manh\u00e3 desta quinta, quando n\u00e3o permitiu perguntas de jornalistas que estavam no local, Bolsonaro gritou: \u201cAcabou, porra!\u201d.<\/p>\n\n\n\n<p>Na decis\u00e3o em que autorizou a Pol\u00edcia Federal a cumprir mandados de busca e apreens\u00e3o contra os alvos do inqu\u00e9rito das fake news, Moraes diz, com base nos relatos de congressistas, que os investigados teriam liga\u00e7\u00f5es com o chamado \u2018gabinete do \u00f3dio\u2019.<\/p>\n\n\n\n<p>Moraes citou os depoimentos dos deputados federais Joice Hasselmann (PSL-SP), Alexandre Frota (PSL-SP) e Heitor Freire (PSL-CE), que descreveram um suposto esquema coordenado pelo Pal\u00e1cio do Planalto para propagar pautas inconstitucionais e campanhas de difama\u00e7\u00e3o contra advers\u00e1rios pol\u00edticos.<\/p>\n\n\n\n<p>A&nbsp;Folha&nbsp;mostrou em 25 de abril que as investiga\u00e7\u00f5es identificaram ind\u00edcios de envolvimento de um dos filhos do presidente, o vereador Carlos Bolsonaro, no esquema de not\u00edcias falsas. Investigadores buscam elementos que comprovem sua liga\u00e7\u00e3o. Outro filho do presidente, Eduardo Bolsonaro, deputado federal pelo PSL de SP, tamb\u00e9m \u00e9 suspeito.<\/p>\n\n\n\n<p>Ainda na noite de quarta-feira (27), Eduardo criticou as decis\u00f5es recentes dos ministros do STF Alexandre de Moraes e Celso de Mello. Em live ao lado de&nbsp;alvos da a\u00e7\u00e3o do Supremo, ele defendeu reagir energeticamente contra a corte. \u201cTemos de pontuar, diagnosticar o problema e depois come\u00e7ar a tomar algumas atitudes\u201d, afirmou o deputado.<\/p>\n\n\n\n<p>\u201cAt\u00e9 entendo quem tem uma postura moderada para n\u00e3o chegar num momento de ruptura, de cis\u00e3o ainda maior, de conflito ainda maior. Eu entendo essas pessoas que querem evitar esse momento de caos, mas falando abertamente, opini\u00e3o de Eduardo Bolsonaro, n\u00e3o \u00e9 mais uma opini\u00e3o de se, mas de quando isso vai ocorrer. Essas reuni\u00f5es aqui que o Allan est\u00e1 falando de altas autoridades, at\u00e9 mesmo de dentro de setores pol\u00edticos, a gente discute esse tipo de coisa\u201d, afirmou.<\/p>\n\n\n\n<p>O deputado afirmou que pode ser o pr\u00f3ximo alvo da corte. Ele tamb\u00e9m criticou as decis\u00f5es de Celso de Mello no inqu\u00e9rito que investiga a suposta interfer\u00eancia do presidente na Pol\u00edcia Federal. \u201cSe a gente mantiver essa postura colaborativa, amanh\u00e3 eles v\u00e3o entrar na nossa casa\u201d, afirmou.<\/p>\n\n\n\n<p>A deflagra\u00e7\u00e3o da opera\u00e7\u00e3o irritou Bolsonaro, que convocou uma reuni\u00e3o de ministros na tarde de quarta para tra\u00e7ar uma rea\u00e7\u00e3o \u00e0 corte.<\/p>\n\n\n\n<p>Uma das primeiras a\u00e7\u00f5es do governo j\u00e1 foi tomada. O ministro Andr\u00e9 Mendon\u00e7a (Justi\u00e7a) ingressou com um pedido de habeas corpus para Abraham Weintraub (Educa\u00e7\u00e3o) a fim de \u201cgarantir liberdade de express\u00e3o dos cidad\u00e3os\u201d.<\/p>\n\n\n\n<p>Com o pedido de habeas corpus, a ideia \u00e9 impedir a pris\u00e3o ou outra medida cautelar contra Weintraub no caso de ele se recusar a cumprir a determina\u00e7\u00e3o do STF de prestar depoimento. Em reuni\u00e3o ministerial em 22 de abril, o ministro disse que \u201ccolocaria todos esses vagabundos na cadeia, come\u00e7ando no STF\u201d.<\/p>\n\n\n\n<p>Em sua fala nesta quinta-feira em frente ao Pal\u00e1cio da Alvorada, Bolsonaro argumentou que em todos os Poderes h\u00e1 pessoas que \u201cextrapolam\u201d e que, quando isso acontece, ele toma provid\u00eancias. No entanto, ele n\u00e3o esclareceu a quem se referia.<\/p>\n\n\n\n<p>Bolsonaro acusou ainda uma tentativa de \u201ccensurar as m\u00eddias sociais\u201d e destacou que a mobiliza\u00e7\u00e3o nessas plataformas lhe garantiram a elei\u00e7\u00e3o em 2018. \u201cA m\u00eddia social me trouxe \u00e0 presid\u00eancia. Sem ela, n\u00e3o estaria aqui\u201d, declarou.<\/p>\n\n\n\n<p>Ele tamb\u00e9m fez um apelo para que decis\u00f5es do Supremo que tenham efeito sobre outros Poderes sejam decididas pelo colegiado, numa tentativa de reduzir a prerrogativa dos ministros da corte de, monocraticamente, adotarem determina\u00e7\u00f5es em alguns processos.<\/p>\n\n\n\n<p>Apesar dos ataques a Moraes e \u00e0s decis\u00f5es individuais da corte, Bolsonaro disse que est\u00e1 disposto a conversar com qualquer autoridade do Judici\u00e1rio ou do Legislativo para promover a harmonia entre os poderes. \u201cRespeito o STF e respeito o Congresso. Mas para esse respeito continuar sendo oferecido da nossa parte, tem que respeitar o Poder Executivo tamb\u00e9m\u201d.<\/p>\n","protected":false},"excerpt":{"rendered":"<p>Presidente reagiu a opera\u00e7\u00e3o determinada um dia antes pela corte que mirou aliados do mandat\u00e1rio no chamado inqu\u00e9rito das fake newsPorReda\u00e7\u00e3o Para\u00edba J\u00e1&nbsp;-28 de maio&hellip; <\/p>\n","protected":false},"author":2,"featured_media":170809,"comment_status":"closed","ping_status":"closed","sticky":false,"template":"","format":"standard","meta":{"sfsi_plus_gutenberg_text_before_share":"","sfsi_plus_gutenberg_show_text_before_share":"","sfsi_plus_gutenberg_icon_type":"","sfsi_plus_gutenberg_icon_alignemt":"","sfsi_plus_gutenburg_max_per_row":"","footnotes":""},"categories":[2],"tags":[],"class_list":["post-172072","post","type-post","status-publish","format-standard","has-post-thumbnail","hentry","category-geral"],"_links":{"self":[{"href":"https:\/\/www.caririemacao.com\/1\/wp-json\/wp\/v2\/posts\/172072","targetHints":{"allow":["GET"]}}],"collection":[{"href":"https:\/\/www.caririemacao.com\/1\/wp-json\/wp\/v2\/posts"}],"about":[{"href":"https:\/\/www.caririemacao.com\/1\/wp-json\/wp\/v2\/types\/post"}],"author":[{"embeddable":true,"href":"https:\/\/www.caririemacao.com\/1\/wp-json\/wp\/v2\/users\/2"}],"replies":[{"embeddable":true,"href":"https:\/\/www.caririemacao.com\/1\/wp-json\/wp\/v2\/comments?post=172072"}],"version-history":[{"count":1,"href":"https:\/\/www.caririemacao.com\/1\/wp-json\/wp\/v2\/posts\/172072\/revisions"}],"predecessor-version":[{"id":172075,"href":"https:\/\/www.caririemacao.com\/1\/wp-json\/wp\/v2\/posts\/172072\/revisions\/172075"}],"wp:featuredmedia":[{"embeddable":true,"href":"https:\/\/www.caririemacao.com\/1\/wp-json\/wp\/v2\/media\/170809"}],"wp:attachment":[{"href":"https:\/\/www.caririemacao.com\/1\/wp-json\/wp\/v2\/media?parent=172072"}],"wp:term":[{"taxonomy":"category","embeddable":true,"href":"https:\/\/www.caririemacao.com\/1\/wp-json\/wp\/v2\/categories?post=172072"},{"taxonomy":"post_tag","embeddable":true,"href":"https:\/\/www.caririemacao.com\/1\/wp-json\/wp\/v2\/tags?post=172072"}],"curies":[{"name":"wp","href":"https:\/\/api.w.org\/{rel}","templated":true}]}}