{"id":172077,"date":"2020-05-29T11:04:54","date_gmt":"2020-05-29T14:04:54","guid":{"rendered":"https:\/\/www.caririemacao.com\/1\/?p=172077"},"modified":"2020-05-29T11:04:54","modified_gmt":"2020-05-29T14:04:54","slug":"prefeitura-de-monteiro-atende-recomendacao-do-ministerio-publico-federal-e-estadual-e-antecipa-feriados","status":"publish","type":"post","link":"https:\/\/www.caririemacao.com\/1\/2020\/05\/29\/prefeitura-de-monteiro-atende-recomendacao-do-ministerio-publico-federal-e-estadual-e-antecipa-feriados\/","title":{"rendered":"Prefeitura de Monteiro atende recomenda\u00e7\u00e3o do Minist\u00e9rio P\u00fablico Federal e Estadual e antecipa feriados"},"content":{"rendered":"\n<p>A prefeita do munic\u00edpio de Monteiro, Anna Lorena, decretou na tarde desta quinta-feira, 28, a antecipa\u00e7\u00e3o de tr\u00eas feriados seguindo \u00e0s orienta\u00e7\u00f5es do Minist\u00e9rio Estadual, Federal e do Minist\u00e9rio P\u00fablico do Trabalho.<\/p>\n\n\n\n<p>A recomenda\u00e7\u00e3o j\u00e1 acatada por munic\u00edpios de grande porte como Campina Grande visa antecipar, excepcionalmente, os feriados dos dias 11 de junho (Corpus Christi), 24 de junho (S\u00e3o Jo\u00e3o) e 5 de agosto (anivers\u00e1rio de Funda\u00e7\u00e3o da Para\u00edba) para os dias 1, 2 e 3 de junho de 2020, pr\u00f3xima segunda, ter\u00e7a e quarta-feira.<\/p>\n\n\n\n<p>O principal intuito para tal a\u00e7\u00e3o se d\u00e1 pela necessidade de atua\u00e7\u00e3o conjunta por parte dos gestores para incentivar o isolamento social visando salvaguardar a estrutura hospitalar m\u00ednima necess\u00e1ria ao acolhimento dos pacientes acometidos pelo Covid-19, estando, no momento atual, na imin\u00eancia do colapso da ocupa\u00e7\u00e3o de leitos, tanto da rede p\u00fablica quanto da rede privada dos pontos de refer\u00eancias em Campina Grande.<\/p>\n\n\n\n<p>A decis\u00e3o foi tomada ap\u00f3s reuni\u00e3o da prefeita Anna Lorena com o Comit\u00ea Municipal de Acompanhado de A\u00e7\u00f5es de Preven\u00e7\u00e3o e Controle do Novo Coronav\u00edrus (COVID-19), levando em conta a atual conjuntura.<\/p>\n\n\n\n<p>Ap\u00f3s a decis\u00e3o a prefeita Anna Lorena comentou: \u201cPrecisamos usar de todas as medidas que evitem o cont\u00e1gio da doen\u00e7a, devido a transmiss\u00e3o comunit\u00e1ria, para resguardar os monteirenses. <\/p>\n\n\n\n<p>A antecipa\u00e7\u00e3o destes feriados proporcionar\u00e1 uma menor quantidade de pessoas circulando, sendo assim evitando mais pessoas contagiadas com o Covid\u201d.<\/p>\n\n\n\n<p>ASCOM<\/p>\n","protected":false},"excerpt":{"rendered":"<p>A prefeita do munic\u00edpio de Monteiro, Anna Lorena, decretou na tarde desta quinta-feira, 28, a antecipa\u00e7\u00e3o de tr\u00eas feriados seguindo \u00e0s orienta\u00e7\u00f5es do Minist\u00e9rio Estadual,&hellip; <\/p>\n","protected":false},"author":2,"featured_media":168429,"comment_status":"closed","ping_status":"closed","sticky":false,"template":"","format":"standard","meta":{"sfsi_plus_gutenberg_text_before_share":"","sfsi_plus_gutenberg_show_text_before_share":"","sfsi_plus_gutenberg_icon_type":"","sfsi_plus_gutenberg_icon_alignemt":"","sfsi_plus_gutenburg_max_per_row":"","footnotes":""},"categories":[50,2],"tags":[],"class_list":["post-172077","post","type-post","status-publish","format-standard","has-post-thumbnail","hentry","category-destaque","category-geral"],"_links":{"self":[{"href":"https:\/\/www.caririemacao.com\/1\/wp-json\/wp\/v2\/posts\/172077","targetHints":{"allow":["GET"]}}],"collection":[{"href":"https:\/\/www.caririemacao.com\/1\/wp-json\/wp\/v2\/posts"}],"about":[{"href":"https:\/\/www.caririemacao.com\/1\/wp-json\/wp\/v2\/types\/post"}],"author":[{"embeddable":true,"href":"https:\/\/www.caririemacao.com\/1\/wp-json\/wp\/v2\/users\/2"}],"replies":[{"embeddable":true,"href":"https:\/\/www.caririemacao.com\/1\/wp-json\/wp\/v2\/comments?post=172077"}],"version-history":[{"count":1,"href":"https:\/\/www.caririemacao.com\/1\/wp-json\/wp\/v2\/posts\/172077\/revisions"}],"predecessor-version":[{"id":172078,"href":"https:\/\/www.caririemacao.com\/1\/wp-json\/wp\/v2\/posts\/172077\/revisions\/172078"}],"wp:featuredmedia":[{"embeddable":true,"href":"https:\/\/www.caririemacao.com\/1\/wp-json\/wp\/v2\/media\/168429"}],"wp:attachment":[{"href":"https:\/\/www.caririemacao.com\/1\/wp-json\/wp\/v2\/media?parent=172077"}],"wp:term":[{"taxonomy":"category","embeddable":true,"href":"https:\/\/www.caririemacao.com\/1\/wp-json\/wp\/v2\/categories?post=172077"},{"taxonomy":"post_tag","embeddable":true,"href":"https:\/\/www.caririemacao.com\/1\/wp-json\/wp\/v2\/tags?post=172077"}],"curies":[{"name":"wp","href":"https:\/\/api.w.org\/{rel}","templated":true}]}}