{"id":172080,"date":"2020-05-29T11:07:06","date_gmt":"2020-05-29T14:07:06","guid":{"rendered":"https:\/\/www.caririemacao.com\/1\/?p=172080"},"modified":"2020-05-29T11:07:06","modified_gmt":"2020-05-29T14:07:06","slug":"policia-militar-realiza-campanha-somos-solidariedade","status":"publish","type":"post","link":"https:\/\/www.caririemacao.com\/1\/2020\/05\/29\/policia-militar-realiza-campanha-somos-solidariedade\/","title":{"rendered":"Pol\u00edcia Militar realiza CAMPANHA \u201cSOMOS SOLIDARIEDADE\u201d"},"content":{"rendered":"\n<p>A campanha \u201cSomos Solidariedade\u201d, lan\u00e7ada pelo Governo do Estado da Para\u00edba, \u00e9 uma a\u00e7\u00e3o conjunta da Secretaria de Estado do Desenvolvimento Humano (SEDH), Casa Militar, Pol\u00edcia Militar e Corpo de Bombeiros Militar, em parceria com a Arquidiocese da Para\u00edba. O objetivo \u00e9 a arrecada\u00e7\u00e3o de alimentos n\u00e3o perec\u00edveis e produtos de higiene e limpeza que ser\u00e3o distribu\u00eddos \u00e0s fam\u00edlias que se encontram em situa\u00e7\u00e3o de vulnerabilidade.<\/p>\n\n\n\n<p>Para ampliar esta rede de solidariedade e ajudar mais fam\u00edlias, aqueles que querem e podem fazer sua contribui\u00e7\u00e3o de alimentos n\u00e3o-perec\u00edveis e produtos de higiene e limpeza, podem *entreg\u00e1-las em qualquer Quartel da Pol\u00edcia Militar*.<\/p>\n\n\n\n<p>Juntos somos mais fortes!<\/p>\n\n\n\n<p>Somos todos Para\u00edba. Somos Solidariedade.<\/p>\n","protected":false},"excerpt":{"rendered":"<p>A campanha \u201cSomos Solidariedade\u201d, lan\u00e7ada pelo Governo do Estado da Para\u00edba, \u00e9 uma a\u00e7\u00e3o conjunta da Secretaria de Estado do Desenvolvimento Humano (SEDH), Casa Militar,&hellip; <\/p>\n","protected":false},"author":2,"featured_media":172081,"comment_status":"closed","ping_status":"closed","sticky":false,"template":"","format":"standard","meta":{"sfsi_plus_gutenberg_text_before_share":"","sfsi_plus_gutenberg_show_text_before_share":"","sfsi_plus_gutenberg_icon_type":"","sfsi_plus_gutenberg_icon_alignemt":"","sfsi_plus_gutenburg_max_per_row":"","footnotes":""},"categories":[6,50],"tags":[],"class_list":["post-172080","post","type-post","status-publish","format-standard","has-post-thumbnail","hentry","category-cidades","category-destaque"],"_links":{"self":[{"href":"https:\/\/www.caririemacao.com\/1\/wp-json\/wp\/v2\/posts\/172080","targetHints":{"allow":["GET"]}}],"collection":[{"href":"https:\/\/www.caririemacao.com\/1\/wp-json\/wp\/v2\/posts"}],"about":[{"href":"https:\/\/www.caririemacao.com\/1\/wp-json\/wp\/v2\/types\/post"}],"author":[{"embeddable":true,"href":"https:\/\/www.caririemacao.com\/1\/wp-json\/wp\/v2\/users\/2"}],"replies":[{"embeddable":true,"href":"https:\/\/www.caririemacao.com\/1\/wp-json\/wp\/v2\/comments?post=172080"}],"version-history":[{"count":1,"href":"https:\/\/www.caririemacao.com\/1\/wp-json\/wp\/v2\/posts\/172080\/revisions"}],"predecessor-version":[{"id":172082,"href":"https:\/\/www.caririemacao.com\/1\/wp-json\/wp\/v2\/posts\/172080\/revisions\/172082"}],"wp:featuredmedia":[{"embeddable":true,"href":"https:\/\/www.caririemacao.com\/1\/wp-json\/wp\/v2\/media\/172081"}],"wp:attachment":[{"href":"https:\/\/www.caririemacao.com\/1\/wp-json\/wp\/v2\/media?parent=172080"}],"wp:term":[{"taxonomy":"category","embeddable":true,"href":"https:\/\/www.caririemacao.com\/1\/wp-json\/wp\/v2\/categories?post=172080"},{"taxonomy":"post_tag","embeddable":true,"href":"https:\/\/www.caririemacao.com\/1\/wp-json\/wp\/v2\/tags?post=172080"}],"curies":[{"name":"wp","href":"https:\/\/api.w.org\/{rel}","templated":true}]}}