{"id":172084,"date":"2020-05-29T11:13:31","date_gmt":"2020-05-29T14:13:31","guid":{"rendered":"https:\/\/www.caririemacao.com\/1\/?p=172084"},"modified":"2020-05-29T11:13:31","modified_gmt":"2020-05-29T14:13:31","slug":"plano-de-retomada-de-atividades-deve-ser-implementado-na-paraiba-a-partir-de-15-de-junho-diz-governador","status":"publish","type":"post","link":"https:\/\/www.caririemacao.com\/1\/2020\/05\/29\/plano-de-retomada-de-atividades-deve-ser-implementado-na-paraiba-a-partir-de-15-de-junho-diz-governador\/","title":{"rendered":"Plano de retomada de atividades deve ser implementado na Para\u00edba a partir de 15 de junho, diz governador"},"content":{"rendered":"\n<p>O plano de retomada das atividades na Para\u00edba deve come\u00e7ar a ser posto em pr\u00e1tica a partir do dia 15 de junho, de acordo com governador do Estado, Jo\u00e3o Azev\u00eado, que revelou detalhes da proposta em entrevista concedida \u00e0 TV Cabo Branco nesta sexta-feira (29).<\/p>\n\n\n\n<p>De acordo com o governador, o plano foi elaborado pelo Secret\u00e1rio Executivo de Gest\u00e3o da Rede de Unidades de Sa\u00fade da Para\u00edba, Daniel Beltrammi, e foi apresentado ao coordenador da Comiss\u00e3o Cient\u00edfica do Cons\u00f3rcio Nordeste, Miguel Nicolelis, que aprovou a proposta.<\/p>\n\n\n\n<p>A ideia \u00e9 usar um sistema de bandeiras coloridas, no qual cada cidade receber\u00e1 uma bandeira. As cores indicar\u00e3o se a cidade pode ter atividade normal, atividade restrita, ou mesmo se ela precisa de um lockdown. As bandeiras ser\u00e3o reavaliadas a cada 15 dias. \u201dN\u00e3o haver\u00e1 mudan\u00e7as com menos de 15 dias\u201d, disse Jo\u00e3o Azev\u00eado.<\/p>\n\n\n\n<p>O governador explicou ainda que qualquer mudan\u00e7a para que haja uma maior abertura ser\u00e1 baseada em crit\u00e9rios como diminui\u00e7\u00e3o de casos, quantidade de leitos dispon\u00edveis e um n\u00edvel de testagem que permita ao gestor saber como est\u00e1 o cont\u00e1gio.<\/p>\n\n\n\n<p>Enquanto o novo decreto que ir\u00e1 endurecer as medidas de isolamento social ser\u00e1 v\u00e1lido at\u00e9 o dia 15 de junho, \u00e9 s\u00f3 a partir desta data que o plano de retomada pode come\u00e7ar a ser implementado no estado.<\/p>\n\n\n\n<p><em>Click PB<\/em><\/p>\n","protected":false},"excerpt":{"rendered":"<p>O plano de retomada das atividades na Para\u00edba deve come\u00e7ar a ser posto em pr\u00e1tica a partir do dia 15 de junho, de acordo com&hellip; <\/p>\n","protected":false},"author":2,"featured_media":171487,"comment_status":"closed","ping_status":"closed","sticky":false,"template":"","format":"standard","meta":{"sfsi_plus_gutenberg_text_before_share":"","sfsi_plus_gutenberg_show_text_before_share":"","sfsi_plus_gutenberg_icon_type":"","sfsi_plus_gutenberg_icon_alignemt":"","sfsi_plus_gutenburg_max_per_row":"","footnotes":""},"categories":[2],"tags":[],"class_list":["post-172084","post","type-post","status-publish","format-standard","has-post-thumbnail","hentry","category-geral"],"_links":{"self":[{"href":"https:\/\/www.caririemacao.com\/1\/wp-json\/wp\/v2\/posts\/172084","targetHints":{"allow":["GET"]}}],"collection":[{"href":"https:\/\/www.caririemacao.com\/1\/wp-json\/wp\/v2\/posts"}],"about":[{"href":"https:\/\/www.caririemacao.com\/1\/wp-json\/wp\/v2\/types\/post"}],"author":[{"embeddable":true,"href":"https:\/\/www.caririemacao.com\/1\/wp-json\/wp\/v2\/users\/2"}],"replies":[{"embeddable":true,"href":"https:\/\/www.caririemacao.com\/1\/wp-json\/wp\/v2\/comments?post=172084"}],"version-history":[{"count":1,"href":"https:\/\/www.caririemacao.com\/1\/wp-json\/wp\/v2\/posts\/172084\/revisions"}],"predecessor-version":[{"id":172085,"href":"https:\/\/www.caririemacao.com\/1\/wp-json\/wp\/v2\/posts\/172084\/revisions\/172085"}],"wp:featuredmedia":[{"embeddable":true,"href":"https:\/\/www.caririemacao.com\/1\/wp-json\/wp\/v2\/media\/171487"}],"wp:attachment":[{"href":"https:\/\/www.caririemacao.com\/1\/wp-json\/wp\/v2\/media?parent=172084"}],"wp:term":[{"taxonomy":"category","embeddable":true,"href":"https:\/\/www.caririemacao.com\/1\/wp-json\/wp\/v2\/categories?post=172084"},{"taxonomy":"post_tag","embeddable":true,"href":"https:\/\/www.caririemacao.com\/1\/wp-json\/wp\/v2\/tags?post=172084"}],"curies":[{"name":"wp","href":"https:\/\/api.w.org\/{rel}","templated":true}]}}