{"id":172091,"date":"2020-05-29T11:19:12","date_gmt":"2020-05-29T14:19:12","guid":{"rendered":"https:\/\/www.caririemacao.com\/1\/?p=172091"},"modified":"2020-05-29T11:19:12","modified_gmt":"2020-05-29T14:19:12","slug":"aras-e-nome-forte-para-eventual-terceira-vaga-no-supremo-diz-bolsonaro","status":"publish","type":"post","link":"https:\/\/www.caririemacao.com\/1\/2020\/05\/29\/aras-e-nome-forte-para-eventual-terceira-vaga-no-supremo-diz-bolsonaro\/","title":{"rendered":"Aras \u00e9 nome forte para eventual terceira vaga no Supremo, diz Bolsonaro"},"content":{"rendered":"\n<p>O presidente Jair Bolsonaro afirmou na noite desta quinta (28) que o procurador-geral da Rep\u00fablica, Augusto Aras, hoje respons\u00e1vel por investiga\u00e7\u00f5es que atingem o chefe do Executivo, \u00e9 um nome forte a ser indicado por ele para disputar uma poss\u00edvel terceira vaga no STF (Supremo Tribunal Federal).<\/p>\n\n\n\n<p>&#8220;Se aparecer uma terceira vaga -espero que ningu\u00e9m desapare\u00e7a-, mas o Augusto Aras entra fortemente na terceira vaga&#8221;, afirmou Bolsonaro, que emendou sua live semanal com uma entrevista \u00e0 R\u00e1dio Jovem Pan, tamb\u00e9m transmitida em suas redes sociais.<\/p>\n\n\n\n<p>Os ministros Celso de Mello e Marco Aur\u00e9lio ter\u00e3o aposentadoria compuls\u00f3ria do atual mandato de Bolsonaro e devem ser substitu\u00eddos por nomes indicados pelo atual presidente -em novembro deste ano e em 2021, respectivamente.<\/p>\n\n\n\n<p>Uma terceira vaga surgiria no caso de reelei\u00e7\u00e3o ou de sa\u00edda n\u00e3o programada de algum integrante da corte hoje, por exemplo.<\/p>\n\n\n\n<p>Bolsonaro descartou a indica\u00e7\u00e3o de Aras para uma das duas primeiras vagas, mas acenou para ele como uma possibilidade futura.<\/p>\n\n\n\n<p>Aras foi escolhido para a PGR por Bolsonaro e tem adotado posicionamentos favor\u00e1veis ao presidente.<\/p>\n\n\n\n<p>&#8220;O senhor Augusto Aras, nestas duas [primeiras] vagas, n\u00e3o est\u00e1 previsto o nome dele. Eu costumo dizer que tenho tr\u00eas nomes e n\u00e3o vou revelar quem eu namoro para indicar para o STF&#8221;, disse Bolsonaro.<\/p>\n\n\n\n<p>Ele reafirmou que um deles ser\u00e1 evang\u00e9lico. &#8220;\u00c9 um compromisso que tenho com a bancada evang\u00e9lica. Alguns criticam dizendo que est\u00e1 confundindo a\u00ed com religi\u00e3o. N\u00e3o tem nada a ver&#8221;, afirmou o presidente. &#8220;Agora, uma pitada de religiosidade \u00e9 muito bem-vinda. Tem pauta l\u00e1 que faltou, no meu entender, um ministro defender \u00e0 luz da sua cren\u00e7a. Por que n\u00e3o?&#8221;<\/p>\n\n\n\n<p>Bolsonaro citou, ent\u00e3o, seu atual ministro da Justi\u00e7a, Andr\u00e9 Mendon\u00e7a, que \u00e9 evang\u00e9lico e j\u00e1 vinha sendo cotado.<\/p>\n\n\n\n<p>O presidente j\u00e1 havia encerrado sua resposta, e voltou ao tema para falar de Aras.<\/p>\n\n\n\n<p>&#8220;Se aparecer uma terceira vaga -espero que ningu\u00e9m desapare\u00e7a-, mas o Augusto Aras entra fortemente na terceira vaga&#8221;, completou Bolsonaro.<\/p>\n\n\n\n<p>Na transmiss\u00e3o, o presidente tamb\u00e9m falou pela primeira vez da negocia\u00e7\u00e3o de cargos que passou a fazer com o centr\u00e3o, contrariando o toma l\u00e1, d\u00e1 c\u00e1 que condenou na campanha de 2018.<\/p>\n\n\n\n<p>Bolsonaro disse que &#8220;a imprensa sempre reclamou de mim que eu n\u00e3o tinha di\u00e1logo, eu n\u00e3o conseguia atingir a governabilidade&#8221; e que, por isso, procurou o centr\u00e3o, grupo conhecido por dar apoio ao presidente de ocasi\u00e3o em troca de cargos.<\/p>\n\n\n\n<p>&#8220;Sim, alguns querem cargos. N\u00e3o vou negar isso da\u00ed. Alguns, n\u00e3o s\u00e3o todos. Agora, em nenhum momento n\u00f3s oferecemos ou eles pediram minist\u00e9rios, estatais ou bancos oficiais&#8221;, afirmou o presidente.<\/p>\n\n\n\n<p>Bolsonaro admitiu ainda que as negocia\u00e7\u00f5es envolvem as elei\u00e7\u00f5es de 2022.<\/p>\n\n\n\n<p>&#8220;N\u00f3s trocamos algum cargo neste sentido, atendemos, sim, alguns partidos neste sentido, conversamos sobre elei\u00e7\u00f5es de 2022. Se eu estiver bem em 2022, h\u00e1 interesse de alguns parlamentares desses estados em ter o seu respectivo candidato a governo, se eu poderia entrar neste acordo em alguns estados do Brasil&#8221;, disse Bolsonaro.<\/p>\n\n\n\n<p>O presidente justificou o acordo eleitoral afirmando que, em estados da regi\u00e3o Nordeste, o PT \u00e9 forte e candidatos precisar\u00e3o de sua ajuda.<\/p>\n\n\n\n<p>&#8220;H\u00e1 estados que, n\u00f3s sabemos aqui, eu n\u00e3o vou ter poder para eleger uma pessoa indicada por n\u00f3s l\u00e1 e conversamos: &#8216;olha, eu apoio, neste estado aqui, qual o perfil do seu governador? \u00c9 este&#8217;. Tudo bem. Se eu estiver bem, se eu vier candidato \u00e0 reelei\u00e7\u00e3o, tudo bem&#8221;, disse Bolsonaro.<\/p>\n\n\n\n<p>&#8220;Tem estado do Nordeste, em especial, que o PT est\u00e1 forte. Voc\u00ea pega quase todos os estados, o PT \u00e9 muito forte e para derrot\u00e1-los voc\u00ea tem que somar todas as for\u00e7as do outro lado. E, para mim, com todo respeito que eu tenho ao Parlamento brasileiro, eu prefiro deputados destes outros partidos do que do PT&#8221;, afirmou.<\/p>\n\n\n\n<p><strong>MINISTROS QUE SE APOSENTAM NO GOVERNO BOLSONARO<\/strong><\/p>\n\n\n\n<p>Celso de Mello<\/p>\n\n\n\n<p>Decano do Supremo, foi indicado por Sarney em 1989. Sua aposentadoria compuls\u00f3ria ocorre em 1\u00b0.nov.2020, quando completa 75 anos<\/p>\n\n\n\n<p>Marco Aur\u00e9lio<\/p>\n\n\n\n<p>Indicado por Collor em 1990, aposenta-se em 12.jul.2021, se mantidos os 75 anos como idade compuls\u00f3ria para aposentadoria no servi\u00e7o p\u00fablico<\/p>\n","protected":false},"excerpt":{"rendered":"<p>O presidente Jair Bolsonaro afirmou na noite desta quinta (28) que o procurador-geral da Rep\u00fablica, Augusto Aras, hoje respons\u00e1vel por investiga\u00e7\u00f5es que atingem o chefe&hellip; <\/p>\n","protected":false},"author":2,"featured_media":172092,"comment_status":"closed","ping_status":"closed","sticky":false,"template":"","format":"standard","meta":{"sfsi_plus_gutenberg_text_before_share":"","sfsi_plus_gutenberg_show_text_before_share":"","sfsi_plus_gutenberg_icon_type":"","sfsi_plus_gutenberg_icon_alignemt":"","sfsi_plus_gutenburg_max_per_row":"","footnotes":""},"categories":[11],"tags":[],"class_list":["post-172091","post","type-post","status-publish","format-standard","has-post-thumbnail","hentry","category-politica"],"_links":{"self":[{"href":"https:\/\/www.caririemacao.com\/1\/wp-json\/wp\/v2\/posts\/172091","targetHints":{"allow":["GET"]}}],"collection":[{"href":"https:\/\/www.caririemacao.com\/1\/wp-json\/wp\/v2\/posts"}],"about":[{"href":"https:\/\/www.caririemacao.com\/1\/wp-json\/wp\/v2\/types\/post"}],"author":[{"embeddable":true,"href":"https:\/\/www.caririemacao.com\/1\/wp-json\/wp\/v2\/users\/2"}],"replies":[{"embeddable":true,"href":"https:\/\/www.caririemacao.com\/1\/wp-json\/wp\/v2\/comments?post=172091"}],"version-history":[{"count":1,"href":"https:\/\/www.caririemacao.com\/1\/wp-json\/wp\/v2\/posts\/172091\/revisions"}],"predecessor-version":[{"id":172093,"href":"https:\/\/www.caririemacao.com\/1\/wp-json\/wp\/v2\/posts\/172091\/revisions\/172093"}],"wp:featuredmedia":[{"embeddable":true,"href":"https:\/\/www.caririemacao.com\/1\/wp-json\/wp\/v2\/media\/172092"}],"wp:attachment":[{"href":"https:\/\/www.caririemacao.com\/1\/wp-json\/wp\/v2\/media?parent=172091"}],"wp:term":[{"taxonomy":"category","embeddable":true,"href":"https:\/\/www.caririemacao.com\/1\/wp-json\/wp\/v2\/categories?post=172091"},{"taxonomy":"post_tag","embeddable":true,"href":"https:\/\/www.caririemacao.com\/1\/wp-json\/wp\/v2\/tags?post=172091"}],"curies":[{"name":"wp","href":"https:\/\/api.w.org\/{rel}","templated":true}]}}