{"id":172095,"date":"2020-05-29T19:34:59","date_gmt":"2020-05-29T22:34:59","guid":{"rendered":"https:\/\/www.caririemacao.com\/1\/?p=172095"},"modified":"2020-05-29T19:34:59","modified_gmt":"2020-05-29T22:34:59","slug":"sume-registra-mais-5-novos-casos-de-covid-19","status":"publish","type":"post","link":"https:\/\/www.caririemacao.com\/1\/2020\/05\/29\/sume-registra-mais-5-novos-casos-de-covid-19\/","title":{"rendered":"Sum\u00e9 registra mais 5 novos casos de Covid-19"},"content":{"rendered":"\n<p>A Secretaria Municipal de Sa\u00fade de Sum\u00e9 informa que foram registrados nesta sexta-feira, 29, mais 5 novos casos de COVID 19.<br>Trata-se de tr\u00eas pacientes do sexo masculino, sem comorbidades, sendo um de 29 anos, um de 32 anos, um de 55 anos e um senhor de 81 anos, com comorbidades, (esse \u00faltimo encontra-se em observa\u00e7\u00e3o no hospital de Sum\u00e9), al\u00e9m de uma pessoa do sexo feminino de 52 anos, com comorbidades.<\/p>\n\n\n\n<p><br>Todos eles dever\u00e3o permanecer em isolamento domiciliar, acompanhados pelas equipes de Vigil\u00e2ncia Epidemiol\u00f3gica e da Aten\u00e7\u00e3o Prim\u00e1ria em Sa\u00fade.<br>A Secretaria Municipal de Sa\u00fade pede para que a popula\u00e7\u00e3o mantenha o isolamento social como forma de evitar o cont\u00e1gio pelo novo coronav\u00edrus.<\/p>\n","protected":false},"excerpt":{"rendered":"<p>A Secretaria Municipal de Sa\u00fade de Sum\u00e9 informa que foram registrados nesta sexta-feira, 29, mais 5 novos casos de COVID 19.Trata-se de tr\u00eas pacientes do&hellip; <\/p>\n","protected":false},"author":1,"featured_media":172096,"comment_status":"closed","ping_status":"closed","sticky":false,"template":"","format":"standard","meta":{"sfsi_plus_gutenberg_text_before_share":"","sfsi_plus_gutenberg_show_text_before_share":"","sfsi_plus_gutenberg_icon_type":"","sfsi_plus_gutenberg_icon_alignemt":"","sfsi_plus_gutenburg_max_per_row":"","footnotes":""},"categories":[6,50,16],"tags":[],"class_list":["post-172095","post","type-post","status-publish","format-standard","has-post-thumbnail","hentry","category-cidades","category-destaque","category-saude"],"_links":{"self":[{"href":"https:\/\/www.caririemacao.com\/1\/wp-json\/wp\/v2\/posts\/172095","targetHints":{"allow":["GET"]}}],"collection":[{"href":"https:\/\/www.caririemacao.com\/1\/wp-json\/wp\/v2\/posts"}],"about":[{"href":"https:\/\/www.caririemacao.com\/1\/wp-json\/wp\/v2\/types\/post"}],"author":[{"embeddable":true,"href":"https:\/\/www.caririemacao.com\/1\/wp-json\/wp\/v2\/users\/1"}],"replies":[{"embeddable":true,"href":"https:\/\/www.caririemacao.com\/1\/wp-json\/wp\/v2\/comments?post=172095"}],"version-history":[{"count":1,"href":"https:\/\/www.caririemacao.com\/1\/wp-json\/wp\/v2\/posts\/172095\/revisions"}],"predecessor-version":[{"id":172097,"href":"https:\/\/www.caririemacao.com\/1\/wp-json\/wp\/v2\/posts\/172095\/revisions\/172097"}],"wp:featuredmedia":[{"embeddable":true,"href":"https:\/\/www.caririemacao.com\/1\/wp-json\/wp\/v2\/media\/172096"}],"wp:attachment":[{"href":"https:\/\/www.caririemacao.com\/1\/wp-json\/wp\/v2\/media?parent=172095"}],"wp:term":[{"taxonomy":"category","embeddable":true,"href":"https:\/\/www.caririemacao.com\/1\/wp-json\/wp\/v2\/categories?post=172095"},{"taxonomy":"post_tag","embeddable":true,"href":"https:\/\/www.caririemacao.com\/1\/wp-json\/wp\/v2\/tags?post=172095"}],"curies":[{"name":"wp","href":"https:\/\/api.w.org\/{rel}","templated":true}]}}