{"id":172155,"date":"2020-05-30T12:44:09","date_gmt":"2020-05-30T15:44:09","guid":{"rendered":"https:\/\/www.caririemacao.com\/1\/?p=172155"},"modified":"2020-05-30T12:44:09","modified_gmt":"2020-05-30T15:44:09","slug":"paulo-guedes-retorno-sera-segmentado-nao-sera-todo-mundo-ao-mesmo-tempo","status":"publish","type":"post","link":"https:\/\/www.caririemacao.com\/1\/2020\/05\/30\/paulo-guedes-retorno-sera-segmentado-nao-sera-todo-mundo-ao-mesmo-tempo\/","title":{"rendered":"Paulo Guedes: \u201cRetorno ser\u00e1 segmentado, n\u00e3o ser\u00e1 todo mundo ao mesmo tempo\u201d"},"content":{"rendered":"\n<p>O ministro Paulo Guedes (Economia) disse nesta sexta-feira (29) que far\u00e1 uma an\u00e1lise detalhada do PIB no primeiro trimestre para checar se a economia estava bem antes da pandemia do coronav\u00edrus. Segundo ele, o estado da atividade podia estar \u201cmeio an\u00eamico\u201d j\u00e1 nos dois primeiros meses do ano.<\/p>\n\n\n\n<p>Os dados do PIB foram divulgados mais cedo nesta sexta pelo IBGE. A economia teve retra\u00e7\u00e3o de 1,5% no primeiro trimestre de 2020 na compara\u00e7\u00e3o com os tr\u00eas meses anteriores. Essa \u00e9 a maior queda desde a retra\u00e7\u00e3o de 2,1% no segundo trimestre de 2015.<\/p>\n\n\n\n<p>\u201cVou pedir para desagregarmos. Para vermos se nos dois primeiros meses j\u00e1 est\u00e1vamos decolando e no terceiro m\u00eas a crise nos derrubou, ou se j\u00e1 est\u00e1vamos em estado meio an\u00eamico\u201d, afirmou em semin\u00e1rio virtual promovido pelo BNDES (Banco Nacional de Desenvolvimento Econ\u00f4mico e Social).<\/p>\n\n\n\n<p>Ele afirma que, em sua vis\u00e3o, indicadores positivos no come\u00e7o do ano como exporta\u00e7\u00f5es, arrecada\u00e7\u00e3o e investimentos diretos sinalizavam uma situa\u00e7\u00e3o melhor. \u201cA impress\u00e3o que eu tinha era que t\u00ednhamos come\u00e7ado a andar\u201d, disse.<\/p>\n\n\n\n<p>As declara\u00e7\u00f5es contrastam com as falas anteriores do ministro. H\u00e1 cerca de dois meses, Guedes disse que as economias centrais estavam caindo quando a do Brasil iniciava uma decolagem. \u201cEst\u00e1vamos em pleno voo, come\u00e7ando a decolar quando fomos atingidos por essa onda\u201d, disse Guedes em mar\u00e7o.<\/p>\n\n\n\n<p>Nesta sexta, Guedes afirmou que o pa\u00eds come\u00e7ar\u00e1 a sair do que chamou de letargia com a retomada dos trabalhadores \u00e0s atividades. \u201cImagino que o retorno ser\u00e1 segmentado, n\u00e3o ser\u00e1 todo mundo ao mesmo tempo, e ser\u00e1 por unidades geogr\u00e1ficas. H\u00e1 regi\u00f5es onde o risco est\u00e1 sendo maior\u201d, disse.<\/p>\n\n\n\n<p>O ministro reafirmou que acredita em um formato de recupera\u00e7\u00e3o em V. \u201cFalo em V porque os sinais vitais da economia est\u00e3o mantidos. Pode ser um V meio torto? Pode. Pode ser um V da Nike? Pode\u201d, disse. Ele faz refer\u00eancia ao logotipo da marca esportiva, que tem a segunda perna do \u201cV\u201d mais deitada (indicando uma recupera\u00e7\u00e3o mais lenta). \u201cDependendo da nossa rea\u00e7\u00e3o pode ser U ou at\u00e9 L, s\u00f3 depende de n\u00f3s\u201d, disse.<img decoding=\"async\" data-src=\"https:\/\/paraibaonline.com.br\/wp-content\/uploads\/2020\/04\/economia_-paulo-guedes-567x339.jpg\" alt=\"Foto: Marcello Casal JrAg\u00eancia Brasil\" data-srcset=\"https:\/\/paraibaonline.com.br\/wp-content\/uploads\/2020\/04\/economia_-paulo-guedes-567x339.jpg 567w, https:\/\/paraibaonline.com.br\/wp-content\/uploads\/2020\/04\/economia_-paulo-guedes-900x538.jpg 900w, https:\/\/paraibaonline.com.br\/wp-content\/uploads\/2020\/04\/economia_-paulo-guedes.jpg 1170w\" src=\"data:image\/svg+xml;base64,PHN2ZyB3aWR0aD0iMSIgaGVpZ2h0PSIxIiB4bWxucz0iaHR0cDovL3d3dy53My5vcmcvMjAwMC9zdmciPjwvc3ZnPg==\" class=\"lazyload\" style=\"--smush-placeholder-width: 567px; --smush-placeholder-aspect-ratio: 567\/339;\"><\/p>\n\n\n\n<p>Foto: Marcello Casal Jr\/Ag\u00eancia Brasil<\/p>\n\n\n\n<p>Guedes criticou as brigas pol\u00edticas durante a pandemia e, ao mesmo tempo, buscou defender o governo de cr\u00edticas. \u201c\u00c9 cretino atacar o governo do pr\u00f3prio pais em vez de ajudar o governo do pr\u00f3prio pais num momento desse\u201d, disse.<\/p>\n\n\n\n<p>Para ele, o governo est\u00e1 sendo apedrejado. \u201cVoc\u00ea, no meio de uma luta para salvar vidas, ficar sendo apedrejado enquanto ajuda? A mim n\u00e3o afeta, n\u00e3o derruba. \u00c9 um crime contra a popula\u00e7\u00e3o brasileira\u201d, afirmou.<\/p>\n\n\n\n<p>Ele defendeu que o momento \u00e9 de deixar brigas de lado e remar para se chegar em terra firme, quando, em sua vis\u00e3o, as disputas poderiam ser retomadas. \u201cQuando chegar na margem, briga de novo\u201d, disse.<\/p>\n\n\n\n<p>Guedes ainda criticou o ex-presidente Luiz In\u00e1cio Lula da Silva, que afirmou neste m\u00eas que o coronav\u00edrus teria sido positivo por demonstrar a import\u00e2ncia do Estado.<\/p>\n\n\n\n<p>\u201cH\u00e1 uma fal\u00e1cia circulando por a\u00ed, um raciocino at\u00e9 cruel. De que foi muito bom o coronav\u00edrus vir para mostrar como \u00e9 importante ter Estado\u201d, disse Guedes. \u201c\u00c9 um erro intelectual, \u00e9 uma completa falta de solidariedade dizer que foi bom para mostrar que tem que ter Estado\u201d, afirmou o ministro.<\/p>\n\n\n\n<p>Guedes disse que os Estados Unidos t\u00eam participa\u00e7\u00e3o reduzida do Estado e mais recursos para a crise. \u201cA na\u00e7\u00e3o que lan\u00e7a mais recursos para proteger as pessoas \u00e9 a mais rica, a que tem menor Estado. N\u00e3o podemos voltar ao passado, temos que ir a um futuro diferente\u201d, afirmou o titular da equipe econ\u00f4mica.<\/p>\n\n\n\n<p>Lula deu a declara\u00e7\u00e3o alvo das cr\u00edticas na semana passada. \u201cAinda bem que a natureza, contra a vontade da humanidade, criou esse monstro chamado coronav\u00edrus, porque esse monstro est\u00e1 permitindo que os cegos enxerguem, que os cegos comecem a enxergar, que apenas o Estado \u00e9 capaz de dar solu\u00e7\u00e3o a determinadas crises\u201d, disse o ex-presidente no dia 19. Ap\u00f3s a repercuss\u00e3o, Lula pediu desculpas e disse que a frase foi infeliz.<\/p>\n","protected":false},"excerpt":{"rendered":"<p>O ministro Paulo Guedes (Economia) disse nesta sexta-feira (29) que far\u00e1 uma an\u00e1lise detalhada do PIB no primeiro trimestre para checar se a economia estava&hellip; <\/p>\n","protected":false},"author":2,"featured_media":168652,"comment_status":"closed","ping_status":"closed","sticky":false,"template":"","format":"standard","meta":{"sfsi_plus_gutenberg_text_before_share":"","sfsi_plus_gutenberg_show_text_before_share":"","sfsi_plus_gutenberg_icon_type":"","sfsi_plus_gutenberg_icon_alignemt":"","sfsi_plus_gutenburg_max_per_row":"","footnotes":""},"categories":[11],"tags":[],"class_list":["post-172155","post","type-post","status-publish","format-standard","has-post-thumbnail","hentry","category-politica"],"_links":{"self":[{"href":"https:\/\/www.caririemacao.com\/1\/wp-json\/wp\/v2\/posts\/172155","targetHints":{"allow":["GET"]}}],"collection":[{"href":"https:\/\/www.caririemacao.com\/1\/wp-json\/wp\/v2\/posts"}],"about":[{"href":"https:\/\/www.caririemacao.com\/1\/wp-json\/wp\/v2\/types\/post"}],"author":[{"embeddable":true,"href":"https:\/\/www.caririemacao.com\/1\/wp-json\/wp\/v2\/users\/2"}],"replies":[{"embeddable":true,"href":"https:\/\/www.caririemacao.com\/1\/wp-json\/wp\/v2\/comments?post=172155"}],"version-history":[{"count":1,"href":"https:\/\/www.caririemacao.com\/1\/wp-json\/wp\/v2\/posts\/172155\/revisions"}],"predecessor-version":[{"id":172156,"href":"https:\/\/www.caririemacao.com\/1\/wp-json\/wp\/v2\/posts\/172155\/revisions\/172156"}],"wp:featuredmedia":[{"embeddable":true,"href":"https:\/\/www.caririemacao.com\/1\/wp-json\/wp\/v2\/media\/168652"}],"wp:attachment":[{"href":"https:\/\/www.caririemacao.com\/1\/wp-json\/wp\/v2\/media?parent=172155"}],"wp:term":[{"taxonomy":"category","embeddable":true,"href":"https:\/\/www.caririemacao.com\/1\/wp-json\/wp\/v2\/categories?post=172155"},{"taxonomy":"post_tag","embeddable":true,"href":"https:\/\/www.caririemacao.com\/1\/wp-json\/wp\/v2\/tags?post=172155"}],"curies":[{"name":"wp","href":"https:\/\/api.w.org\/{rel}","templated":true}]}}