{"id":172161,"date":"2020-05-30T12:59:22","date_gmt":"2020-05-30T15:59:22","guid":{"rendered":"https:\/\/www.caririemacao.com\/1\/?p=172161"},"modified":"2020-05-30T12:59:22","modified_gmt":"2020-05-30T15:59:22","slug":"gurjao-tem-primeira-morte-confirmada-pela-covid-19-paciente-faleceu-no-hospital-de-serra-branca","status":"publish","type":"post","link":"https:\/\/www.caririemacao.com\/1\/2020\/05\/30\/gurjao-tem-primeira-morte-confirmada-pela-covid-19-paciente-faleceu-no-hospital-de-serra-branca\/","title":{"rendered":"Gurj\u00e3o tem primeira morte confirmada pela Covid-19; paciente faleceu no Hospital de Serra Branca"},"content":{"rendered":"\n<p>A Prefeitura de Gurj\u00e3o, por meio da Secretaria Municipal de Sa\u00fade (SMS), divulgou seu mais novo boletim epidemiol\u00f3gico na manh\u00e3 deste s\u00e1bado(30) na qual foi confirmada a primeira morte pelo novo coronav\u00edrus no munic\u00edpio.<\/p>\n\n\n\n<p>Em informa\u00e7\u00f5es exclusivas colhidas pelo portal, a v\u00edtima \u00e9 um paciente do sexo masculino, de 80 anos de idade, que deu entrada no hospital de Serra Branca no \u00faltimo dia 19 de maio, vindo a falecer no mesmo dia na pr\u00f3pria unidade.<\/p>\n\n\n\n<p>O paciente chegou a Serra Branca com sintomas da Covid-19 e como veio a \u00f3bito, realizou o teste Swab. O exame foi realizado pelo Lacen e neste s\u00e1bado chegou o resultado POSITIVO para o novo coronav\u00edrus.<\/p>\n\n\n\n<p>Ap\u00f3s a confirma\u00e7\u00e3o de Covid-19 neste paciente, a Secretaria de Sa\u00fade de Gurj\u00e3o realizou testes r\u00e1pidos em seus familiares e 5 deles tamb\u00e9m positivaram para a Covid-19. Eles ser\u00e3o monitorados pela Vigil\u00e2ncia de Sa\u00fade de Gurj\u00e3o e j\u00e1 est\u00e3o em isolamento domiciliar.<\/p>\n\n\n\n<p>O prefeito Ronaldo Queiroz lamentou a morte do gurj\u00e3oense e se solidariza com todos os familiares.<\/p>\n\n\n\n<div class=\"wp-block-image\"><figure class=\"aligncenter\"><img decoding=\"async\" data-src=\"http:\/\/deolhonocariri.com.br\/wp-content\/uploads\/2020\/05\/101108613_1568179123340412_3021103588261756928_o.jpg\" alt=\"\" class=\"wp-image-83228 lazyload\" src=\"data:image\/svg+xml;base64,PHN2ZyB3aWR0aD0iMSIgaGVpZ2h0PSIxIiB4bWxucz0iaHR0cDovL3d3dy53My5vcmcvMjAwMC9zdmciPjwvc3ZnPg==\" \/><\/figure><\/div>\n\n\n\n<p><strong>De Olho no Cariri<\/strong><\/p>\n","protected":false},"excerpt":{"rendered":"<p>A Prefeitura de Gurj\u00e3o, por meio da Secretaria Municipal de Sa\u00fade (SMS), divulgou seu mais novo boletim epidemiol\u00f3gico na manh\u00e3 deste s\u00e1bado(30) na qual foi&hellip; <\/p>\n","protected":false},"author":2,"featured_media":136372,"comment_status":"closed","ping_status":"closed","sticky":false,"template":"","format":"standard","meta":{"sfsi_plus_gutenberg_text_before_share":"","sfsi_plus_gutenberg_show_text_before_share":"","sfsi_plus_gutenberg_icon_type":"","sfsi_plus_gutenberg_icon_alignemt":"","sfsi_plus_gutenburg_max_per_row":"","footnotes":""},"categories":[2],"tags":[],"class_list":["post-172161","post","type-post","status-publish","format-standard","has-post-thumbnail","hentry","category-geral"],"_links":{"self":[{"href":"https:\/\/www.caririemacao.com\/1\/wp-json\/wp\/v2\/posts\/172161","targetHints":{"allow":["GET"]}}],"collection":[{"href":"https:\/\/www.caririemacao.com\/1\/wp-json\/wp\/v2\/posts"}],"about":[{"href":"https:\/\/www.caririemacao.com\/1\/wp-json\/wp\/v2\/types\/post"}],"author":[{"embeddable":true,"href":"https:\/\/www.caririemacao.com\/1\/wp-json\/wp\/v2\/users\/2"}],"replies":[{"embeddable":true,"href":"https:\/\/www.caririemacao.com\/1\/wp-json\/wp\/v2\/comments?post=172161"}],"version-history":[{"count":1,"href":"https:\/\/www.caririemacao.com\/1\/wp-json\/wp\/v2\/posts\/172161\/revisions"}],"predecessor-version":[{"id":172162,"href":"https:\/\/www.caririemacao.com\/1\/wp-json\/wp\/v2\/posts\/172161\/revisions\/172162"}],"wp:featuredmedia":[{"embeddable":true,"href":"https:\/\/www.caririemacao.com\/1\/wp-json\/wp\/v2\/media\/136372"}],"wp:attachment":[{"href":"https:\/\/www.caririemacao.com\/1\/wp-json\/wp\/v2\/media?parent=172161"}],"wp:term":[{"taxonomy":"category","embeddable":true,"href":"https:\/\/www.caririemacao.com\/1\/wp-json\/wp\/v2\/categories?post=172161"},{"taxonomy":"post_tag","embeddable":true,"href":"https:\/\/www.caririemacao.com\/1\/wp-json\/wp\/v2\/tags?post=172161"}],"curies":[{"name":"wp","href":"https:\/\/api.w.org\/{rel}","templated":true}]}}