{"id":172171,"date":"2020-05-30T13:24:59","date_gmt":"2020-05-30T16:24:59","guid":{"rendered":"https:\/\/www.caririemacao.com\/1\/?p=172171"},"modified":"2020-05-30T13:24:59","modified_gmt":"2020-05-30T16:24:59","slug":"dupla-armada-assalta-posto-de-combustivel-em-pleno-centro-de-cabaceiras","status":"publish","type":"post","link":"https:\/\/www.caririemacao.com\/1\/2020\/05\/30\/dupla-armada-assalta-posto-de-combustivel-em-pleno-centro-de-cabaceiras\/","title":{"rendered":"Dupla armada assalta posto de combust\u00edvel em pleno centro de Cabaceiras"},"content":{"rendered":"\n<p>Na manh\u00e3 deste s\u00e1bado(30) dois homens armados em uma moto preta, modelo Honda Bros, assaltaram o Posto de Combust\u00edvel S\u00e3o Jos\u00e9, em pleno centro da cidade de Cabaceiras, Cariri da Para\u00edba.<\/p>\n\n\n\n<p>De acordo com informa\u00e7\u00f5es iniciais, os criminosos levaram apenas o dinheiro que estava no bolso do frentista e fugiram com destino ao munic\u00edpio de S\u00e3o Domingos do Cariri.<\/p>\n\n\n\n<p>A Policia Militar foi acionada e faz dilig\u00eancias pelas regi\u00f5es circunvizinhas na tentativa de capturar a dupla criminosa.<\/p>\n\n\n\n<p><strong>De Olho no Cariri<\/strong><\/p>\n","protected":false},"excerpt":{"rendered":"<p>Na manh\u00e3 deste s\u00e1bado(30) dois homens armados em uma moto preta, modelo Honda Bros, assaltaram o Posto de Combust\u00edvel S\u00e3o Jos\u00e9, em pleno centro da&hellip; <\/p>\n","protected":false},"author":2,"featured_media":172172,"comment_status":"closed","ping_status":"closed","sticky":false,"template":"","format":"standard","meta":{"sfsi_plus_gutenberg_text_before_share":"","sfsi_plus_gutenberg_show_text_before_share":"","sfsi_plus_gutenberg_icon_type":"","sfsi_plus_gutenberg_icon_alignemt":"","sfsi_plus_gutenburg_max_per_row":"","footnotes":""},"categories":[12],"tags":[],"class_list":["post-172171","post","type-post","status-publish","format-standard","has-post-thumbnail","hentry","category-policia"],"_links":{"self":[{"href":"https:\/\/www.caririemacao.com\/1\/wp-json\/wp\/v2\/posts\/172171","targetHints":{"allow":["GET"]}}],"collection":[{"href":"https:\/\/www.caririemacao.com\/1\/wp-json\/wp\/v2\/posts"}],"about":[{"href":"https:\/\/www.caririemacao.com\/1\/wp-json\/wp\/v2\/types\/post"}],"author":[{"embeddable":true,"href":"https:\/\/www.caririemacao.com\/1\/wp-json\/wp\/v2\/users\/2"}],"replies":[{"embeddable":true,"href":"https:\/\/www.caririemacao.com\/1\/wp-json\/wp\/v2\/comments?post=172171"}],"version-history":[{"count":1,"href":"https:\/\/www.caririemacao.com\/1\/wp-json\/wp\/v2\/posts\/172171\/revisions"}],"predecessor-version":[{"id":172173,"href":"https:\/\/www.caririemacao.com\/1\/wp-json\/wp\/v2\/posts\/172171\/revisions\/172173"}],"wp:featuredmedia":[{"embeddable":true,"href":"https:\/\/www.caririemacao.com\/1\/wp-json\/wp\/v2\/media\/172172"}],"wp:attachment":[{"href":"https:\/\/www.caririemacao.com\/1\/wp-json\/wp\/v2\/media?parent=172171"}],"wp:term":[{"taxonomy":"category","embeddable":true,"href":"https:\/\/www.caririemacao.com\/1\/wp-json\/wp\/v2\/categories?post=172171"},{"taxonomy":"post_tag","embeddable":true,"href":"https:\/\/www.caririemacao.com\/1\/wp-json\/wp\/v2\/tags?post=172171"}],"curies":[{"name":"wp","href":"https:\/\/api.w.org\/{rel}","templated":true}]}}