{"id":172175,"date":"2020-05-30T13:27:52","date_gmt":"2020-05-30T16:27:52","guid":{"rendered":"https:\/\/www.caririemacao.com\/1\/?p=172175"},"modified":"2020-05-30T13:27:52","modified_gmt":"2020-05-30T16:27:52","slug":"inacio-gabriel-e-empossado-na-titularidade-do-mandato-e-base-de-anna-lorena-ganha-reforco-no-legislativo-monteirense","status":"publish","type":"post","link":"https:\/\/www.caririemacao.com\/1\/2020\/05\/30\/inacio-gabriel-e-empossado-na-titularidade-do-mandato-e-base-de-anna-lorena-ganha-reforco-no-legislativo-monteirense\/","title":{"rendered":"In\u00e1cio Gabriel \u00e9 empossado na titularidade do mandato e base de Anna Lorena ganha refor\u00e7o no legislativo monteirense"},"content":{"rendered":"\n<p>O vereador In\u00e1cio Teixeira de Carvalho (Cidadania), popularmente conhecido como In\u00e1cio Gabriel, foi empossado na manh\u00e3 desta sexta-feira (29), na titularidade do mandato na C\u00e2mara Municipal de Monteiro. O Presidente do Cidadania e Secret\u00e1rio de Comunica\u00e7\u00e3o de Monteiro, Fred Menezes, prestigiou a posse do novo vereador, que ocorreu em uma solenidade restrita, devido as medidas de preven\u00e7\u00e3o do coronav\u00edrus.<\/p>\n\n\n\n<p>Com a chegada de In\u00e1cio Gabriel, a base da Prefeita Anna Lorena (PL) na C\u00e2mara Municipal, passa a ter nove vereadores. In\u00e1cio Gabriel confirmou apoio \u00e0 reelei\u00e7\u00e3o de Anna Lorena, e disse que colocar\u00e1 seu nome a disposi\u00e7\u00e3o mais uma vez dos monteirenses para mais um mandato na C\u00e2mara de Monteiro.<\/p>\n\n\n\n<p>In\u00e1cio Gabriel exerce o oitavo mandato de vereador no munic\u00edpio, ocupando a presid\u00eancia da C\u00e2mara em tr\u00eas bi\u00eanios, tendo um vasta experi\u00eancia pol\u00edtica.<\/p>\n","protected":false},"excerpt":{"rendered":"<p>O vereador In\u00e1cio Teixeira de Carvalho (Cidadania), popularmente conhecido como In\u00e1cio Gabriel, foi empossado na manh\u00e3 desta sexta-feira (29), na titularidade do mandato na C\u00e2mara&hellip; <\/p>\n","protected":false},"author":2,"featured_media":172176,"comment_status":"closed","ping_status":"closed","sticky":false,"template":"","format":"standard","meta":{"sfsi_plus_gutenberg_text_before_share":"","sfsi_plus_gutenberg_show_text_before_share":"","sfsi_plus_gutenberg_icon_type":"","sfsi_plus_gutenberg_icon_alignemt":"","sfsi_plus_gutenburg_max_per_row":"","footnotes":""},"categories":[6],"tags":[],"class_list":["post-172175","post","type-post","status-publish","format-standard","has-post-thumbnail","hentry","category-cidades"],"_links":{"self":[{"href":"https:\/\/www.caririemacao.com\/1\/wp-json\/wp\/v2\/posts\/172175","targetHints":{"allow":["GET"]}}],"collection":[{"href":"https:\/\/www.caririemacao.com\/1\/wp-json\/wp\/v2\/posts"}],"about":[{"href":"https:\/\/www.caririemacao.com\/1\/wp-json\/wp\/v2\/types\/post"}],"author":[{"embeddable":true,"href":"https:\/\/www.caririemacao.com\/1\/wp-json\/wp\/v2\/users\/2"}],"replies":[{"embeddable":true,"href":"https:\/\/www.caririemacao.com\/1\/wp-json\/wp\/v2\/comments?post=172175"}],"version-history":[{"count":1,"href":"https:\/\/www.caririemacao.com\/1\/wp-json\/wp\/v2\/posts\/172175\/revisions"}],"predecessor-version":[{"id":172177,"href":"https:\/\/www.caririemacao.com\/1\/wp-json\/wp\/v2\/posts\/172175\/revisions\/172177"}],"wp:featuredmedia":[{"embeddable":true,"href":"https:\/\/www.caririemacao.com\/1\/wp-json\/wp\/v2\/media\/172176"}],"wp:attachment":[{"href":"https:\/\/www.caririemacao.com\/1\/wp-json\/wp\/v2\/media?parent=172175"}],"wp:term":[{"taxonomy":"category","embeddable":true,"href":"https:\/\/www.caririemacao.com\/1\/wp-json\/wp\/v2\/categories?post=172175"},{"taxonomy":"post_tag","embeddable":true,"href":"https:\/\/www.caririemacao.com\/1\/wp-json\/wp\/v2\/tags?post=172175"}],"curies":[{"name":"wp","href":"https:\/\/api.w.org\/{rel}","templated":true}]}}