{"id":172187,"date":"2020-05-31T08:01:11","date_gmt":"2020-05-31T11:01:11","guid":{"rendered":"https:\/\/www.caririemacao.com\/1\/?p=172187"},"modified":"2020-05-31T08:01:11","modified_gmt":"2020-05-31T11:01:11","slug":"regiao-metropolitana-de-joao-pessoa-tera-dez-dias-de-lockdown-com-instalacao-de-barreiras-e-rodizio-de-veiculos","status":"publish","type":"post","link":"https:\/\/www.caririemacao.com\/1\/2020\/05\/31\/regiao-metropolitana-de-joao-pessoa-tera-dez-dias-de-lockdown-com-instalacao-de-barreiras-e-rodizio-de-veiculos\/","title":{"rendered":"Regi\u00e3o Metropolitana de Jo\u00e3o Pessoa ter\u00e1 dez dias de lockdown com instala\u00e7\u00e3o de barreiras e rod\u00edzio de ve\u00edculos"},"content":{"rendered":"\n<h1 class=\"wp-block-heading\"><\/h1>\n\n\n\n<p>Um decreto de isolamento social que ser\u00e1 publicado no Di\u00e1rio Oficial do Estado, determina a radicaliza\u00e7\u00e3o da quarentena com restri\u00e7\u00f5es ainda mais dr\u00e1sticas. A informa\u00e7\u00e3o anunciada com exclusividade no programa Arapuan Verdade desta sexta-feira (29) anuncia que de 4 a 14 de junho, haver\u00e1 o lockdown na Regi\u00e3o Metropolitana de Jo\u00e3o Pessoa.<\/p>\n\n\n\n<p>A decis\u00e3o foi tomada ap\u00f3s uma segunda rodada de reuni\u00e3o entre o governador Jo\u00e3o Azev\u00eado e os prefeitos das cidades da Regi\u00e3o Metropolitana de Jo\u00e3o Pessoa. Eles debateram as novas medidas de isolamento social para restringir e diminuir o cont\u00e1gio pelo novo coronav\u00edrus<\/p>\n\n\n\n<p>Ser\u00e3o&nbsp;instaladas barreiras entre bairros e munic\u00edpios para desestimular a circula\u00e7\u00e3o da popula\u00e7\u00e3o.<\/p>\n\n\n\n<p>Os \u00fanicos estabelecimentos que ir\u00e3o funcionar s\u00e3o os supermercados, farm\u00e1cias, padarias e locais com servi\u00e7os essenciais.<\/p>\n\n\n\n<p><em>Click PB<\/em><\/p>\n","protected":false},"excerpt":{"rendered":"<p>Um decreto de isolamento social que ser\u00e1 publicado no Di\u00e1rio Oficial do Estado, determina a radicaliza\u00e7\u00e3o da quarentena com restri\u00e7\u00f5es ainda mais dr\u00e1sticas. A informa\u00e7\u00e3o&hellip; <\/p>\n","protected":false},"author":2,"featured_media":172188,"comment_status":"closed","ping_status":"closed","sticky":false,"template":"","format":"standard","meta":{"sfsi_plus_gutenberg_text_before_share":"","sfsi_plus_gutenberg_show_text_before_share":"","sfsi_plus_gutenberg_icon_type":"","sfsi_plus_gutenberg_icon_alignemt":"","sfsi_plus_gutenburg_max_per_row":"","footnotes":""},"categories":[2],"tags":[],"class_list":["post-172187","post","type-post","status-publish","format-standard","has-post-thumbnail","hentry","category-geral"],"_links":{"self":[{"href":"https:\/\/www.caririemacao.com\/1\/wp-json\/wp\/v2\/posts\/172187","targetHints":{"allow":["GET"]}}],"collection":[{"href":"https:\/\/www.caririemacao.com\/1\/wp-json\/wp\/v2\/posts"}],"about":[{"href":"https:\/\/www.caririemacao.com\/1\/wp-json\/wp\/v2\/types\/post"}],"author":[{"embeddable":true,"href":"https:\/\/www.caririemacao.com\/1\/wp-json\/wp\/v2\/users\/2"}],"replies":[{"embeddable":true,"href":"https:\/\/www.caririemacao.com\/1\/wp-json\/wp\/v2\/comments?post=172187"}],"version-history":[{"count":1,"href":"https:\/\/www.caririemacao.com\/1\/wp-json\/wp\/v2\/posts\/172187\/revisions"}],"predecessor-version":[{"id":172189,"href":"https:\/\/www.caririemacao.com\/1\/wp-json\/wp\/v2\/posts\/172187\/revisions\/172189"}],"wp:featuredmedia":[{"embeddable":true,"href":"https:\/\/www.caririemacao.com\/1\/wp-json\/wp\/v2\/media\/172188"}],"wp:attachment":[{"href":"https:\/\/www.caririemacao.com\/1\/wp-json\/wp\/v2\/media?parent=172187"}],"wp:term":[{"taxonomy":"category","embeddable":true,"href":"https:\/\/www.caririemacao.com\/1\/wp-json\/wp\/v2\/categories?post=172187"},{"taxonomy":"post_tag","embeddable":true,"href":"https:\/\/www.caririemacao.com\/1\/wp-json\/wp\/v2\/tags?post=172187"}],"curies":[{"name":"wp","href":"https:\/\/api.w.org\/{rel}","templated":true}]}}