{"id":172191,"date":"2020-05-31T08:03:51","date_gmt":"2020-05-31T11:03:51","guid":{"rendered":"https:\/\/www.caririemacao.com\/1\/?p=172191"},"modified":"2020-05-31T08:03:51","modified_gmt":"2020-05-31T11:03:51","slug":"quem-descumprir-isolamento-social-na-paraiba-sera-levado-a-delegacia","status":"publish","type":"post","link":"https:\/\/www.caririemacao.com\/1\/2020\/05\/31\/quem-descumprir-isolamento-social-na-paraiba-sera-levado-a-delegacia\/","title":{"rendered":"Quem descumprir isolamento social na Para\u00edba ser\u00e1 levado \u00e0 delegacia"},"content":{"rendered":"\n<h1 class=\"wp-block-heading\"><\/h1>\n\n\n\n<p><a href=\"javascript:void(0);\"><\/a><\/p>\n\n\n\n<p>O secret\u00e1rio de Seguran\u00e7a e Defesa Social da Para\u00edba, Jean Nunes, afirmou nessa quinta-feira (30), que as for\u00e7as de Seguran\u00e7a do Estado est\u00e3o autorizadas a, a partir de agora, abordar e at\u00e9 levar \u00e0 delegacia quem for flagrado descumprindo as medidas restritivas de circula\u00e7\u00e3o da popula\u00e7\u00e3o e de isolamento social estabelecidas por decreto na Para\u00edba por conta da pandemia do novo coronav\u00edrus.<\/p>\n\n\n\n<p>\u201cTemos feito um trabalho de fiscaliza\u00e7\u00e3o e iniciamos com um processo de orienta\u00e7\u00e3o. Agora, como a situa\u00e7\u00e3o tem piorado, vamos endurecer essas a\u00e7\u00f5es e teremos muito mais energia para cumprir as normas de vigil\u00e2ncia sanit\u00e1ria. Al\u00e9m da orienta\u00e7\u00e3o, iremos levar as pessoas para \u00e0 delegacia para que elas respondam pelo crime de desobedi\u00eancia\u201d, afirmou o secret\u00e1rio.<\/p>\n","protected":false},"excerpt":{"rendered":"<p>O secret\u00e1rio de Seguran\u00e7a e Defesa Social da Para\u00edba, Jean Nunes, afirmou nessa quinta-feira (30), que as for\u00e7as de Seguran\u00e7a do Estado est\u00e3o autorizadas a,&hellip; <\/p>\n","protected":false},"author":2,"featured_media":172192,"comment_status":"closed","ping_status":"closed","sticky":false,"template":"","format":"standard","meta":{"sfsi_plus_gutenberg_text_before_share":"","sfsi_plus_gutenberg_show_text_before_share":"","sfsi_plus_gutenberg_icon_type":"","sfsi_plus_gutenberg_icon_alignemt":"","sfsi_plus_gutenburg_max_per_row":"","footnotes":""},"categories":[12],"tags":[],"class_list":["post-172191","post","type-post","status-publish","format-standard","has-post-thumbnail","hentry","category-policia"],"_links":{"self":[{"href":"https:\/\/www.caririemacao.com\/1\/wp-json\/wp\/v2\/posts\/172191","targetHints":{"allow":["GET"]}}],"collection":[{"href":"https:\/\/www.caririemacao.com\/1\/wp-json\/wp\/v2\/posts"}],"about":[{"href":"https:\/\/www.caririemacao.com\/1\/wp-json\/wp\/v2\/types\/post"}],"author":[{"embeddable":true,"href":"https:\/\/www.caririemacao.com\/1\/wp-json\/wp\/v2\/users\/2"}],"replies":[{"embeddable":true,"href":"https:\/\/www.caririemacao.com\/1\/wp-json\/wp\/v2\/comments?post=172191"}],"version-history":[{"count":1,"href":"https:\/\/www.caririemacao.com\/1\/wp-json\/wp\/v2\/posts\/172191\/revisions"}],"predecessor-version":[{"id":172193,"href":"https:\/\/www.caririemacao.com\/1\/wp-json\/wp\/v2\/posts\/172191\/revisions\/172193"}],"wp:featuredmedia":[{"embeddable":true,"href":"https:\/\/www.caririemacao.com\/1\/wp-json\/wp\/v2\/media\/172192"}],"wp:attachment":[{"href":"https:\/\/www.caririemacao.com\/1\/wp-json\/wp\/v2\/media?parent=172191"}],"wp:term":[{"taxonomy":"category","embeddable":true,"href":"https:\/\/www.caririemacao.com\/1\/wp-json\/wp\/v2\/categories?post=172191"},{"taxonomy":"post_tag","embeddable":true,"href":"https:\/\/www.caririemacao.com\/1\/wp-json\/wp\/v2\/tags?post=172191"}],"curies":[{"name":"wp","href":"https:\/\/api.w.org\/{rel}","templated":true}]}}