{"id":172195,"date":"2020-05-31T08:08:47","date_gmt":"2020-05-31T11:08:47","guid":{"rendered":"https:\/\/www.caririemacao.com\/1\/?p=172195"},"modified":"2020-05-31T08:08:47","modified_gmt":"2020-05-31T11:08:47","slug":"aliados-governo-bolsonaro-entrega-ao-psd-presidencia-de-orgao-do-ministerio-da-saude","status":"publish","type":"post","link":"https:\/\/www.caririemacao.com\/1\/2020\/05\/31\/aliados-governo-bolsonaro-entrega-ao-psd-presidencia-de-orgao-do-ministerio-da-saude\/","title":{"rendered":"ALIADOS: Governo Bolsonaro entrega ao PSD presid\u00eancia de \u00f3rg\u00e3o do Minist\u00e9rio da Sa\u00fade"},"content":{"rendered":"\n<h2 class=\"wp-block-heading\"><\/h2>\n\n\n\n<p>Em mais um gesto de aproxima\u00e7\u00e3o com os partidos de centro no Congresso Nacional, o governo entregou ao PSD a presid\u00eancia da Funda\u00e7\u00e3o Nacional de Sa\u00fade, a Funasa. A sigla comandada pelo ex-ministro Gilberto Kassab emplacou o comandante da Pol\u00edcia Militar de Minas Geras, Giovanne Gomes da Silva, no controle do \u00f3rg\u00e3o com or\u00e7amento estimado em R$ 3 bilh\u00f5es.<br><br>Outros cargos dentro do Minist\u00e9rio da Sa\u00fade tamb\u00e9m est\u00e3o em negocia\u00e7\u00e3o com os pol\u00edticos, incluindo a Secretaria Nacional de Vigil\u00e2ncia em Sa\u00fade, posto ocupado anteriormente por Wanderson de Oliveira. Segundo fontes que acompanham de perto as conversas, o cargo foi oferecido ao PL, de Valdemar Costa Neto, condenado no esquema do mensal\u00e3o. O partido j\u00e1 emplacou duas diretorias no Fundo Nacional de Desenvolvimento da Educa\u00e7\u00e3o, o FNDE.<br><br><br><br>O interesse do governo pela forma\u00e7\u00e3o de uma base de apoio no Legislativo vem no momento em que o presidente Jair Bolsonaro \u00e9 investigado sobre a suposta interfer\u00eancia pol\u00edtica na Pol\u00edcia Federal, segundo acusa\u00e7\u00f5es do ex-ministro S\u00e9rgio Moro, e a oposi\u00e7\u00e3o se movimenta por uma CPI e pressiona pela abertura de um pedido de impeachment.<br><br><br><br><br>O Progressistas e o Republicanos j\u00e1 emplacaram, respectivamente, aliados no Departamento Nacional de Obras Contra Secas, o Dnocs, e na Secretaria de Mobilidade Urbana do Minist\u00e9rio do Desenvolvimento Regional.<br><br><br><br><br>A expectativa dos parlamentares que negociam mais cargos no segundo e terceiro escal\u00f5es \u00e9 para que novas indica\u00e7\u00f5es sejam concretizadas nos pr\u00f3ximos dias. O Pal\u00e1cio do Planalto alega que o ritmo das nomea\u00e7\u00f5es depende do pente-fino realizado para privilegiar crit\u00e9rios t\u00e9cnicos dos indicados. Mas, a libera\u00e7\u00e3o tamb\u00e9m tem sido feita a \u201cconta gotas\u201d porque a Secretaria de Governo, respons\u00e1vel pela articula\u00e7\u00e3o pol\u00edtica, quer testar a fidelidade da base de apoio que est\u00e1 construindo.<br><br><br><br><br><br>As negocia\u00e7\u00f5es, no entanto, j\u00e1 surtiram efeito pr\u00e1tico. Na discuss\u00e3o da Medida Provis\u00f3ria sobre redu\u00e7\u00e3o de jornada e sal\u00e1rios, na C\u00e2mara dos Deputados, o governo conseguiu reverter uma mudan\u00e7a feita pelo relator, deputado Orlando Silva, que aumentaria em R$ 20 bilh\u00f5es os gastos da Uni\u00e3o com a compensa\u00e7\u00e3o salarial. A articula\u00e7\u00e3o que beneficiou o Pal\u00e1cio do Planalto foi liderada pelo PP.<\/p>\n","protected":false},"excerpt":{"rendered":"<p>Em mais um gesto de aproxima\u00e7\u00e3o com os partidos de centro no Congresso Nacional, o governo entregou ao PSD a presid\u00eancia da Funda\u00e7\u00e3o Nacional de&hellip; <\/p>\n","protected":false},"author":2,"featured_media":172047,"comment_status":"closed","ping_status":"closed","sticky":false,"template":"","format":"standard","meta":{"sfsi_plus_gutenberg_text_before_share":"","sfsi_plus_gutenberg_show_text_before_share":"","sfsi_plus_gutenberg_icon_type":"","sfsi_plus_gutenberg_icon_alignemt":"","sfsi_plus_gutenburg_max_per_row":"","footnotes":""},"categories":[2],"tags":[],"class_list":["post-172195","post","type-post","status-publish","format-standard","has-post-thumbnail","hentry","category-geral"],"_links":{"self":[{"href":"https:\/\/www.caririemacao.com\/1\/wp-json\/wp\/v2\/posts\/172195","targetHints":{"allow":["GET"]}}],"collection":[{"href":"https:\/\/www.caririemacao.com\/1\/wp-json\/wp\/v2\/posts"}],"about":[{"href":"https:\/\/www.caririemacao.com\/1\/wp-json\/wp\/v2\/types\/post"}],"author":[{"embeddable":true,"href":"https:\/\/www.caririemacao.com\/1\/wp-json\/wp\/v2\/users\/2"}],"replies":[{"embeddable":true,"href":"https:\/\/www.caririemacao.com\/1\/wp-json\/wp\/v2\/comments?post=172195"}],"version-history":[{"count":1,"href":"https:\/\/www.caririemacao.com\/1\/wp-json\/wp\/v2\/posts\/172195\/revisions"}],"predecessor-version":[{"id":172196,"href":"https:\/\/www.caririemacao.com\/1\/wp-json\/wp\/v2\/posts\/172195\/revisions\/172196"}],"wp:featuredmedia":[{"embeddable":true,"href":"https:\/\/www.caririemacao.com\/1\/wp-json\/wp\/v2\/media\/172047"}],"wp:attachment":[{"href":"https:\/\/www.caririemacao.com\/1\/wp-json\/wp\/v2\/media?parent=172195"}],"wp:term":[{"taxonomy":"category","embeddable":true,"href":"https:\/\/www.caririemacao.com\/1\/wp-json\/wp\/v2\/categories?post=172195"},{"taxonomy":"post_tag","embeddable":true,"href":"https:\/\/www.caririemacao.com\/1\/wp-json\/wp\/v2\/tags?post=172195"}],"curies":[{"name":"wp","href":"https:\/\/api.w.org\/{rel}","templated":true}]}}