{"id":172198,"date":"2020-05-31T08:17:37","date_gmt":"2020-05-31T11:17:37","guid":{"rendered":"https:\/\/www.caririemacao.com\/1\/?p=172198"},"modified":"2020-05-31T08:17:37","modified_gmt":"2020-05-31T11:17:37","slug":"ligue-180-registra-aumento-de-36-em-casos-de-violencia-contra-mulher","status":"publish","type":"post","link":"https:\/\/www.caririemacao.com\/1\/2020\/05\/31\/ligue-180-registra-aumento-de-36-em-casos-de-violencia-contra-mulher\/","title":{"rendered":"Ligue 180 registra aumento de 36% em casos de viol\u00eancia contra mulher"},"content":{"rendered":"\n<h2 class=\"wp-block-heading\"><\/h2>\n\n\n\n<p>Dados da Ouvidoria Nacional de Direitos Humanos parecem confirmar o que diversas autoridades, incluindo a ministra da Mulher, Fam\u00edlia e Direitos Humanos, Damares Alves, j\u00e1 vinham apontando: a necessidade das pessoas permanecerem mais tempo em casa devido \u00e0 pandemia da covid-19 pode estar contribuindo para o aumento da viol\u00eancia dom\u00e9stica contra mulheres.<\/p>\n\n\n\n<p>Segundo a ouvidoria, na compara\u00e7\u00e3o com janeiro de 2019, o n\u00famero de den\u00fancias registradas por meio do Ligue 180 diminu\u00edram 4,5% em janeiro deste ano. J\u00e1 em fevereiro, houve um aumento de 15,6% das notifica\u00e7\u00f5es quando comparado ao mesmo m\u00eas do ano passado. A tend\u00eancia se manteve em mar\u00e7o, quando o novo coronav\u00edrus chegou ao pa\u00eds e algumas unidades da federa\u00e7\u00e3o come\u00e7aram a adotar medidas para isolar a popula\u00e7\u00e3o e, assim, tentar conter a dissemina\u00e7\u00e3o da doen\u00e7a.<\/p>\n\n\n\n<p>Comparativamente, o n\u00famero de den\u00fancias registradas pelo Ligue 180 em mar\u00e7o deste ano foi 15% superior ao de mar\u00e7o de 2019. Segundo o ouvidor nacional de Direitos Humanos, Fernando C\u00e9sar Pereira Ferreira, considerando o que acontecera em pa\u00edses atingidos pela doen\u00e7a antes do Brasil, os resultados de janeiro a mar\u00e7o j\u00e1 eram, de certa forma, esperados. Mesmo assim, o desempenho registrado em abril surpreendeu negativamente: as den\u00fancias de viola\u00e7\u00f5es aos direitos e \u00e0 integridade das mulheres aumentaram 36% se comparado a abril de 2019.<\/p>\n\n\n\n<p>\u201cEm janeiro, o n\u00famero de den\u00fancias estava praticamente estabilizado, com uma queda de 4,5%. Em fevereiro houve um crescimento [que se repetiu em mar\u00e7o], e que j\u00e1 era esperado. Inclusive, porque tamb\u00e9m houve uma melhoria significativa no atendimento e, com isto, as pessoas passam a ligar mais\u201d, disse Ferreira, hoje (29), ao divulgar o&nbsp;<a href=\"https:\/\/agenciabrasil.ebc.com.br\/direitos-humanos\/noticia\/2020-05\/denuncias-apontam-para-escalada-da-violencia-contra-mulheres-no\" target=\"_blank\" rel=\"noreferrer noopener\">balan\u00e7o geral dos atendimentos do Ligue 180 em 2019<\/a>.<\/p>\n\n\n\n<p>\u201cMas a partir de mar\u00e7o, com o fen\u00f4meno da covid-19 e [ado\u00e7\u00e3o de] medidas que passaram a impactar seriamente no n\u00famero de den\u00fancias, o n\u00famero de casos disparou. Provavelmente, por causa do confinamento\u201d, acrescentou Ferreira, referindo-se ao fato de mulheres v\u00edtimas de agress\u00e3o dom\u00e9stica se verem for\u00e7adas a passar mais tempo junto a seus agressores. Os dados da Ouvidoria apontam que, em geral, as den\u00fancias recebidas pelo Ligue 180 tratam, na maioria das vezes, de casos de viol\u00eancia dom\u00e9stica e familiar (em 2019, elas somaram 79% do total de notifica\u00e7\u00f5es).<\/p>\n\n\n\n<figure class=\"wp-block-image\"><img decoding=\"async\" data-src=\"https:\/\/imagens.ebc.com.br\/fxUfmStLDUsu9aj84pUwvqwpcFk=\/754x0\/smart\/https:\/\/agenciabrasil.ebc.com.br\/sites\/default\/files\/thumbnails\/image\/graf_alex_mulheres.jpg?itok=ilib96WX\" alt=\"Gr\u00e1fico aponta escalada de viol\u00eancia contra mulheres durante isolamento social.\" title=\"Ag\u00eancia Brasil\" src=\"data:image\/svg+xml;base64,PHN2ZyB3aWR0aD0iMSIgaGVpZ2h0PSIxIiB4bWxucz0iaHR0cDovL3d3dy53My5vcmcvMjAwMC9zdmciPjwvc3ZnPg==\" class=\"lazyload\" \/><\/figure>\n\n\n\n<p>A ministra Damares Alves frisou que, a partir da experi\u00eancia internacional, o minist\u00e9rio e o governo federal se anteciparam, reorganizando servi\u00e7os para manter o atendimento durante \u00e0 crise sanit\u00e1ria; orientando a rede de acolhimento e prote\u00e7\u00e3o \u00e0 mulher e realizando campanhas para estimular as mulheres em situa\u00e7\u00e3o de viol\u00eancia a procurarem ajuda e denunciarem seus agressores. Um dos receios \u00e9 que, mesmo considerando a maior procura aos servi\u00e7os de orienta\u00e7\u00e3o e prote\u00e7\u00e3o, a situa\u00e7\u00e3o torne ainda mais dif\u00edcil para as v\u00edtimas de viol\u00eancia se desvencilharem e buscarem apoio.&nbsp;<\/p>\n\n\n\n<p>\u201cEstamos atuando de forma efetiva. Nossa a\u00e7\u00e3o de contingenciamento e de combate \u00e0 pandemia, especificamente na a\u00e7\u00f5es de preven\u00e7\u00e3o \u00e0 viol\u00eancia dom\u00e9stica [conta com] in\u00fameras a\u00e7\u00f5es que j\u00e1 est\u00e3o sendo feitas\u201d, disse a ministra, lamentando que, conforme indicam os dados de 2019, para al\u00e9m da pandemia, \u201co dia a dia vem demonstrando para todo mundo que a viol\u00eancia contra as mulheres \u00e9 crescente no Brasil.\u201d<\/p>\n","protected":false},"excerpt":{"rendered":"<p>Dados da Ouvidoria Nacional de Direitos Humanos parecem confirmar o que diversas autoridades, incluindo a ministra da Mulher, Fam\u00edlia e Direitos Humanos, Damares Alves, j\u00e1&hellip; <\/p>\n","protected":false},"author":2,"featured_media":172199,"comment_status":"closed","ping_status":"closed","sticky":false,"template":"","format":"standard","meta":{"sfsi_plus_gutenberg_text_before_share":"","sfsi_plus_gutenberg_show_text_before_share":"","sfsi_plus_gutenberg_icon_type":"","sfsi_plus_gutenberg_icon_alignemt":"","sfsi_plus_gutenburg_max_per_row":"","footnotes":""},"categories":[2],"tags":[],"class_list":["post-172198","post","type-post","status-publish","format-standard","has-post-thumbnail","hentry","category-geral"],"_links":{"self":[{"href":"https:\/\/www.caririemacao.com\/1\/wp-json\/wp\/v2\/posts\/172198","targetHints":{"allow":["GET"]}}],"collection":[{"href":"https:\/\/www.caririemacao.com\/1\/wp-json\/wp\/v2\/posts"}],"about":[{"href":"https:\/\/www.caririemacao.com\/1\/wp-json\/wp\/v2\/types\/post"}],"author":[{"embeddable":true,"href":"https:\/\/www.caririemacao.com\/1\/wp-json\/wp\/v2\/users\/2"}],"replies":[{"embeddable":true,"href":"https:\/\/www.caririemacao.com\/1\/wp-json\/wp\/v2\/comments?post=172198"}],"version-history":[{"count":1,"href":"https:\/\/www.caririemacao.com\/1\/wp-json\/wp\/v2\/posts\/172198\/revisions"}],"predecessor-version":[{"id":172200,"href":"https:\/\/www.caririemacao.com\/1\/wp-json\/wp\/v2\/posts\/172198\/revisions\/172200"}],"wp:featuredmedia":[{"embeddable":true,"href":"https:\/\/www.caririemacao.com\/1\/wp-json\/wp\/v2\/media\/172199"}],"wp:attachment":[{"href":"https:\/\/www.caririemacao.com\/1\/wp-json\/wp\/v2\/media?parent=172198"}],"wp:term":[{"taxonomy":"category","embeddable":true,"href":"https:\/\/www.caririemacao.com\/1\/wp-json\/wp\/v2\/categories?post=172198"},{"taxonomy":"post_tag","embeddable":true,"href":"https:\/\/www.caririemacao.com\/1\/wp-json\/wp\/v2\/tags?post=172198"}],"curies":[{"name":"wp","href":"https:\/\/api.w.org\/{rel}","templated":true}]}}