{"id":172202,"date":"2020-05-31T08:22:39","date_gmt":"2020-05-31T11:22:39","guid":{"rendered":"https:\/\/www.caririemacao.com\/1\/?p=172202"},"modified":"2020-05-31T08:22:39","modified_gmt":"2020-05-31T11:22:39","slug":"bolsonaro-diz-que-auxilio-emergencial-devera-ter-quarta-parcela","status":"publish","type":"post","link":"https:\/\/www.caririemacao.com\/1\/2020\/05\/31\/bolsonaro-diz-que-auxilio-emergencial-devera-ter-quarta-parcela\/","title":{"rendered":"Bolsonaro diz que aux\u00edlio emergencial dever\u00e1 ter quarta parcela"},"content":{"rendered":"\n<h2 class=\"wp-block-heading\"><\/h2>\n\n\n\n<p>O presidente Jair Bolsonaro afirmou nesta quinta-feira (28) que o governo deve propor uma quarta parcela do aux\u00edlio emergencial, atualmente em R$ 600, mas que o valor ainda est\u00e1 em estudo pelo governo, que poder\u00e1 reduzi-lo.<\/p>\n\n\n\n<p>&#8220;N\u00f3s j\u00e1 estudamos uma quarta parcela com o Paulo Guedes. Est\u00e1 definindo o valor, para ter uma transi\u00e7\u00e3o gradativa e que a gente espera que a economia volte a funcionar&#8221;, afirmou o presidente durante sua&nbsp;<em>live<\/em>&nbsp;semanal, transmitida pelas redes sociais.<\/p>\n\n\n\n<p>O&nbsp;<a href=\"https:\/\/agenciabrasil.ebc.com.br\/politica\/noticia\/2020-04\/auxilio-emergencial-publicado-e-governo-abre-credito-de-98-bi\" target=\"_blank\" rel=\"noreferrer noopener\">aux\u00edlio emergencial<\/a>&nbsp;prev\u00ea o pagamento de tr\u00eas parcelas de R$ 600 para trabalhadores informais, integrantes do Bolsa Fam\u00edlia e pessoas de baixa renda. De acordo com a Caixa Econ\u00f4mica Federal, cerca de 59 milh\u00f5es de pessoas j\u00e1 receberam o benef\u00edcio. Cada parcela do aux\u00edlio emergencial custa aos cofres p\u00fablicas cerca de R$ 48 bilh\u00f5es.<\/p>\n\n\n\n<p>Mais cedo, o presidente da C\u00e2mara dos Deputados, Rodrigo Maia (DEM-RJ),&nbsp;<a href=\"https:\/\/agenciabrasil.ebc.com.br\/politica\/noticia\/2020-05\/maia-defende-prorrogacao-do-auxilio-emergencial\" target=\"_blank\" rel=\"noreferrer noopener\">defendeu a perman\u00eancia<\/a>&nbsp;por mais tempo do pagamento do aux\u00edlio emergencial, mantendo-se o valor de R$ 600.<\/p>\n\n\n\n<h2 class=\"wp-block-heading\">Carteira verde e amarela<\/h2>\n\n\n\n<p>Bolsonaro disse que, ap\u00f3s a pandemia da covid-19, uma das prioridades do governo, na \u00e1rea econ\u00f4mica, ser\u00e1 a retomada do projeto da chamada Carteira de Trabalho Verde e Amarela, programa do governo que flexibiliza direitos trabalhistas como forma de facilitar novas contrata\u00e7\u00f5es. Segundo o presidente, o assunto est\u00e1 sendo tratado com o ministro da Economia, Paulo Guedes.<\/p>\n\n\n\n<p>&#8220;O Paulo Guedes quer dar uma flexibilizada para facilitar a empregabilidade. A gente vai precisar disso, n\u00e3o adianta falar que tem todos o direitos e n\u00e3o ter emprego pela frente. S\u00f3 tem uma maneira: desonerar, descomplicar, simplificar a quest\u00e3o trabalhista&#8221;, afirmou.<\/p>\n\n\n\n<p>A Medida Provis\u00f3ria 905, que criou o Programa Verde Amarelo, para facilitar a contrata\u00e7\u00e3o de jovens entre 18 a 29 anos, perdeu a validade antes de ser aprovada pelo Congresso, em abril.<\/p>\n\n\n\n<h2 class=\"wp-block-heading\">Privatiza\u00e7\u00f5es<\/h2>\n\n\n\n<p>Sobre privatiza\u00e7\u00f5es de estatais, o presidente disse que o governo esperar avan\u00e7ar com essa agenda ap\u00f3s o fim da pandemia, mas ressaltou as dificuldades para aprova\u00e7\u00e3o no Parlamento.<\/p>\n\n\n\n<p>&#8220;Estamos sim buscando privatizar muita coisa, mas n\u00e3o \u00e9 f\u00e1cil. Tem empresas que obrigatoriamente passam pelo Congresso, vai ter rea\u00e7\u00e3o&#8221;, disse. Uma das empresas que Bolsonaro disse que ser\u00e1 privatizada s\u00e3o os Correios.<\/p>\n\n\n\n<p>Apesar de querer acelerar as privatiza\u00e7\u00f5es, o presidente afirmou que algumas estatais, consideradas estrat\u00e9gicas, n\u00e3o v\u00e3o ser vendidas, e citou nominalmente os casos do Banco do Brasil, da Caixa Econ\u00f4mica Federal, o &#8220;n\u00facleo&#8221; da Petrobras e a Casa da Moeda.<\/p>\n","protected":false},"excerpt":{"rendered":"<p>O presidente Jair Bolsonaro afirmou nesta quinta-feira (28) que o governo deve propor uma quarta parcela do aux\u00edlio emergencial, atualmente em R$ 600, mas que&hellip; <\/p>\n","protected":false},"author":2,"featured_media":172203,"comment_status":"closed","ping_status":"closed","sticky":false,"template":"","format":"standard","meta":{"sfsi_plus_gutenberg_text_before_share":"","sfsi_plus_gutenberg_show_text_before_share":"","sfsi_plus_gutenberg_icon_type":"","sfsi_plus_gutenberg_icon_alignemt":"","sfsi_plus_gutenburg_max_per_row":"","footnotes":""},"categories":[2],"tags":[],"class_list":["post-172202","post","type-post","status-publish","format-standard","has-post-thumbnail","hentry","category-geral"],"_links":{"self":[{"href":"https:\/\/www.caririemacao.com\/1\/wp-json\/wp\/v2\/posts\/172202","targetHints":{"allow":["GET"]}}],"collection":[{"href":"https:\/\/www.caririemacao.com\/1\/wp-json\/wp\/v2\/posts"}],"about":[{"href":"https:\/\/www.caririemacao.com\/1\/wp-json\/wp\/v2\/types\/post"}],"author":[{"embeddable":true,"href":"https:\/\/www.caririemacao.com\/1\/wp-json\/wp\/v2\/users\/2"}],"replies":[{"embeddable":true,"href":"https:\/\/www.caririemacao.com\/1\/wp-json\/wp\/v2\/comments?post=172202"}],"version-history":[{"count":1,"href":"https:\/\/www.caririemacao.com\/1\/wp-json\/wp\/v2\/posts\/172202\/revisions"}],"predecessor-version":[{"id":172204,"href":"https:\/\/www.caririemacao.com\/1\/wp-json\/wp\/v2\/posts\/172202\/revisions\/172204"}],"wp:featuredmedia":[{"embeddable":true,"href":"https:\/\/www.caririemacao.com\/1\/wp-json\/wp\/v2\/media\/172203"}],"wp:attachment":[{"href":"https:\/\/www.caririemacao.com\/1\/wp-json\/wp\/v2\/media?parent=172202"}],"wp:term":[{"taxonomy":"category","embeddable":true,"href":"https:\/\/www.caririemacao.com\/1\/wp-json\/wp\/v2\/categories?post=172202"},{"taxonomy":"post_tag","embeddable":true,"href":"https:\/\/www.caririemacao.com\/1\/wp-json\/wp\/v2\/tags?post=172202"}],"curies":[{"name":"wp","href":"https:\/\/api.w.org\/{rel}","templated":true}]}}