{"id":172206,"date":"2020-05-31T08:25:46","date_gmt":"2020-05-31T11:25:46","guid":{"rendered":"https:\/\/www.caririemacao.com\/1\/?p=172206"},"modified":"2020-05-31T08:25:46","modified_gmt":"2020-05-31T11:25:46","slug":"prefeitura-de-amparo-inicia-melhorias-em-pontos-mais-danificados-nas-estradas-vicinais-do-municipio","status":"publish","type":"post","link":"https:\/\/www.caririemacao.com\/1\/2020\/05\/31\/prefeitura-de-amparo-inicia-melhorias-em-pontos-mais-danificados-nas-estradas-vicinais-do-municipio\/","title":{"rendered":"Prefeitura de Amparo inicia melhorias em pontos mais danificados nas estradas vicinais do munic\u00edpio"},"content":{"rendered":"\n<h1 class=\"wp-block-heading\"><\/h1>\n\n\n\n<figure class=\"wp-block-image\"><a href=\"https:\/\/1.bp.blogspot.com\/-Bv_8bplv-LE\/XtLaizpDxNI\/AAAAAAABOB8\/LIihiL-Kulw7mDJhq-zhJhYeuk3sunSmgCLcBGAsYHQ\/s1600\/estradas%2B%25282%2529.jpg\"><img decoding=\"async\" data-src=\"https:\/\/1.bp.blogspot.com\/-Bv_8bplv-LE\/XtLaizpDxNI\/AAAAAAABOB8\/LIihiL-Kulw7mDJhq-zhJhYeuk3sunSmgCLcBGAsYHQ\/s640\/estradas%2B%25282%2529.jpg\" alt=\"\" src=\"data:image\/svg+xml;base64,PHN2ZyB3aWR0aD0iMSIgaGVpZ2h0PSIxIiB4bWxucz0iaHR0cDovL3d3dy53My5vcmcvMjAwMC9zdmciPjwvc3ZnPg==\" class=\"lazyload\" \/><\/a><\/figure>\n\n\n\n<p>O Prefeito In\u00e1cio N\u00f3brega esteve acompanhado do Vereador Duda Barnab\u00e9 e do Secret\u00e1rio Municipal de Transportes Osmando Santos, fazendo vistorias no inicio das melhorias que est\u00e3o sendo realizadas nas estradas vicinais do munic\u00edpio.<\/p>\n\n\n\n<figure class=\"wp-block-image\"><a href=\"https:\/\/1.bp.blogspot.com\/-AfWIjhQ1hdo\/XtLbQEihpNI\/AAAAAAABOCE\/QBQDTF8MeqEaULpRamrC9FMBhhm-udTnwCLcBGAsYHQ\/s1600\/estradas%2B%25284%2529.jpg\"><img decoding=\"async\" data-src=\"https:\/\/1.bp.blogspot.com\/-AfWIjhQ1hdo\/XtLbQEihpNI\/AAAAAAABOCE\/QBQDTF8MeqEaULpRamrC9FMBhhm-udTnwCLcBGAsYHQ\/s640\/estradas%2B%25284%2529.jpg\" alt=\"\" src=\"data:image\/svg+xml;base64,PHN2ZyB3aWR0aD0iMSIgaGVpZ2h0PSIxIiB4bWxucz0iaHR0cDovL3d3dy53My5vcmcvMjAwMC9zdmciPjwvc3ZnPg==\" class=\"lazyload\" \/><\/a><\/figure>\n\n\n\n<p>As m\u00e1quinas da prefeitura est\u00e3o trabalhando e melhorando as partes das estradas que est\u00e3o mais danificadas, assim melhorando a locomo\u00e7\u00e3o da popula\u00e7\u00e3o que reside nessas localidades.<\/p>\n\n\n\n<figure class=\"wp-block-image\"><a href=\"https:\/\/1.bp.blogspot.com\/-b5KYvXzmX7U\/XtLbgmE3jZI\/AAAAAAABOCM\/JbPppZYYRmMl5FViEE8D-esxa7iUoEUowCLcBGAsYHQ\/s1600\/estradas%2B%25281%2529.jpg\"><img decoding=\"async\" data-src=\"https:\/\/1.bp.blogspot.com\/-b5KYvXzmX7U\/XtLbgmE3jZI\/AAAAAAABOCM\/JbPppZYYRmMl5FViEE8D-esxa7iUoEUowCLcBGAsYHQ\/s640\/estradas%2B%25281%2529.jpg\" alt=\"\" src=\"data:image\/svg+xml;base64,PHN2ZyB3aWR0aD0iMSIgaGVpZ2h0PSIxIiB4bWxucz0iaHR0cDovL3d3dy53My5vcmcvMjAwMC9zdmciPjwvc3ZnPg==\" class=\"lazyload\" \/><\/a><\/figure>\n\n\n\n<figure class=\"wp-block-image\"><a href=\"https:\/\/1.bp.blogspot.com\/-JroMNbxwLpM\/XtLbgq8TsLI\/AAAAAAABOCQ\/Ug90UlEaT8w-5cwRamyXxHZ8-1pfgYV_wCLcBGAsYHQ\/s1600\/estradas%2B%25283%2529.jpg\"><img decoding=\"async\" data-src=\"https:\/\/1.bp.blogspot.com\/-JroMNbxwLpM\/XtLbgq8TsLI\/AAAAAAABOCQ\/Ug90UlEaT8w-5cwRamyXxHZ8-1pfgYV_wCLcBGAsYHQ\/s640\/estradas%2B%25283%2529.jpg\" alt=\"\" src=\"data:image\/svg+xml;base64,PHN2ZyB3aWR0aD0iMSIgaGVpZ2h0PSIxIiB4bWxucz0iaHR0cDovL3d3dy53My5vcmcvMjAwMC9zdmciPjwvc3ZnPg==\" class=\"lazyload\" \/><\/a><\/figure>\n\n\n\n<figure class=\"wp-block-image\"><a href=\"https:\/\/1.bp.blogspot.com\/-cXwY1SdfrOc\/XtLbgoC9voI\/AAAAAAABOCU\/2BuKyaEBtjAFORKov9ho-jz2j2oBhLlzACLcBGAsYHQ\/s1600\/estradas%2B%25285%2529.jpg\"><img decoding=\"async\" data-src=\"https:\/\/1.bp.blogspot.com\/-cXwY1SdfrOc\/XtLbgoC9voI\/AAAAAAABOCU\/2BuKyaEBtjAFORKov9ho-jz2j2oBhLlzACLcBGAsYHQ\/s640\/estradas%2B%25285%2529.jpg\" alt=\"\" src=\"data:image\/svg+xml;base64,PHN2ZyB3aWR0aD0iMSIgaGVpZ2h0PSIxIiB4bWxucz0iaHR0cDovL3d3dy53My5vcmcvMjAwMC9zdmciPjwvc3ZnPg==\" class=\"lazyload\" \/><\/a><\/figure>\n\n\n\n<p>Amparo Ligado<\/p>\n","protected":false},"excerpt":{"rendered":"<p>O Prefeito In\u00e1cio N\u00f3brega esteve acompanhado do Vereador Duda Barnab\u00e9 e do Secret\u00e1rio Municipal de Transportes Osmando Santos, fazendo vistorias no inicio das melhorias que&hellip; <\/p>\n","protected":false},"author":2,"featured_media":172207,"comment_status":"closed","ping_status":"closed","sticky":false,"template":"","format":"standard","meta":{"sfsi_plus_gutenberg_text_before_share":"","sfsi_plus_gutenberg_show_text_before_share":"","sfsi_plus_gutenberg_icon_type":"","sfsi_plus_gutenberg_icon_alignemt":"","sfsi_plus_gutenburg_max_per_row":"","footnotes":""},"categories":[2],"tags":[],"class_list":["post-172206","post","type-post","status-publish","format-standard","has-post-thumbnail","hentry","category-geral"],"_links":{"self":[{"href":"https:\/\/www.caririemacao.com\/1\/wp-json\/wp\/v2\/posts\/172206","targetHints":{"allow":["GET"]}}],"collection":[{"href":"https:\/\/www.caririemacao.com\/1\/wp-json\/wp\/v2\/posts"}],"about":[{"href":"https:\/\/www.caririemacao.com\/1\/wp-json\/wp\/v2\/types\/post"}],"author":[{"embeddable":true,"href":"https:\/\/www.caririemacao.com\/1\/wp-json\/wp\/v2\/users\/2"}],"replies":[{"embeddable":true,"href":"https:\/\/www.caririemacao.com\/1\/wp-json\/wp\/v2\/comments?post=172206"}],"version-history":[{"count":1,"href":"https:\/\/www.caririemacao.com\/1\/wp-json\/wp\/v2\/posts\/172206\/revisions"}],"predecessor-version":[{"id":172208,"href":"https:\/\/www.caririemacao.com\/1\/wp-json\/wp\/v2\/posts\/172206\/revisions\/172208"}],"wp:featuredmedia":[{"embeddable":true,"href":"https:\/\/www.caririemacao.com\/1\/wp-json\/wp\/v2\/media\/172207"}],"wp:attachment":[{"href":"https:\/\/www.caririemacao.com\/1\/wp-json\/wp\/v2\/media?parent=172206"}],"wp:term":[{"taxonomy":"category","embeddable":true,"href":"https:\/\/www.caririemacao.com\/1\/wp-json\/wp\/v2\/categories?post=172206"},{"taxonomy":"post_tag","embeddable":true,"href":"https:\/\/www.caririemacao.com\/1\/wp-json\/wp\/v2\/tags?post=172206"}],"curies":[{"name":"wp","href":"https:\/\/api.w.org\/{rel}","templated":true}]}}