{"id":172210,"date":"2020-05-31T08:32:57","date_gmt":"2020-05-31T11:32:57","guid":{"rendered":"https:\/\/www.caririemacao.com\/1\/?p=172210"},"modified":"2020-05-31T08:32:57","modified_gmt":"2020-05-31T11:32:57","slug":"paraiba-tem-851-novos-casos-e-19-mortes-por-covid-19-total-de-infectados-e-de-12-862-e-346-mortes","status":"publish","type":"post","link":"https:\/\/www.caririemacao.com\/1\/2020\/05\/31\/paraiba-tem-851-novos-casos-e-19-mortes-por-covid-19-total-de-infectados-e-de-12-862-e-346-mortes\/","title":{"rendered":"Para\u00edba tem 851 novos casos e 19 mortes por covid-19; total de infectados \u00e9 de 12.862 e 346 mortes"},"content":{"rendered":"\n<h1 class=\"wp-block-heading\"><\/h1>\n\n\n\n<p>A Para\u00edba registrou at\u00e9 a tarde deste s\u00e1bado(30) um total de 12.862 infectados com a covid-19. Os n\u00fameros divulgados tamb\u00e9m incluem o total de 10.524 casos descartados,&nbsp;346 mortes confirmadas e 2.472 casos de pessoas recuperadas. S\u00e3o 851 novos casos de Covid-19 e 19 mortes confirmadas&nbsp;<a href=\"https:\/\/www.clickpb.com.br\/saude\/com-879-novos-casos-nas-ultimas-24h-paraiba-ultrapassa-marca-de-12-mil-diagnosticados-e-327-mortes-por-covid-19-284909.html\">desde a ultima atualiza\u00e7\u00e3o.<\/a>&nbsp;<\/p>\n\n\n\n<ul class=\"wp-block-list\"><li>Casos Confirmados: 12.862<\/li><li>Casos Descartados: 10.524<\/li><li>\u00d3bitos confirmados: 346<\/li><li>Casos recuperados: 2.472<\/li><li>Total de munic\u00edpios: 193<\/li><\/ul>\n\n\n\n<p>A ocupa\u00e7\u00e3o de leitos de UTI em todo o estado \u00e9 de 77%. Se fizermos um recorte apenas dos leitos de UTI para adultos na Regi\u00e3o Metropolitana de Jo\u00e3o Pessoa, 93% est\u00e3o ocupados. Em Campina Grande, est\u00e3o ocupados 91% de leitos de UTI adulto e, no sert\u00e3o, 57% dos leitos de UTI est\u00e3o ocupados.&nbsp;<\/p>\n\n\n\n<p>O isolamento social caiu mais uma vez e apenas 40% da popula\u00e7\u00e3o seguiu a recomenda\u00e7\u00e3o de ficar em casa.<\/p>\n\n\n\n<p>Os casos confirmados est\u00e3o em 193 dos 223 munic\u00edpios paraibanos:<\/p>\n\n\n\n<p>\u00c1gua Branca (2); Aguiar (1); Alagoa Grande (76); Alagoa Nova (32); Alagoinha (103); Alcantil (1) Alhandra (135); Amparo (12); Aparecida (6); Ara\u00e7agi (27); Arara (13); Araruna (2); Areia (54); Areia de Bara\u00fanas (1); Areial (9); Aroeiras (23); Assun\u00e7\u00e3o (6); Baia da Trai\u00e7\u00e3o (44); Bananeiras (22); Bara\u00fana (11) Barra de Santa Rosa (5); Barra de Santana (15); Barra de S\u00e3o Miguel (2); Bayeux (304); Bel\u00e9m (34); Bel\u00e9m do Brejo do Cruz (1); Boa Ventura (1);&nbsp; Boa Vista (29); Bom Jesus (1); Bonito de Santa F\u00e9 (1); Boqueir\u00e3o (17); Borborema (1);&nbsp; Brejo do Cruz (4); Caapor\u00e3 (337); Cabaceiras (1); Cabedelo (731); Cachoeira dos \u00cdndios (6); Cacimba de Areia (1); Cacimba de Dentro (24); Cacimbas (2); Cai\u00e7ara (23); Cajazeiras (86); Cajazeirinhas (1); Caldas Brand\u00e3o (15); Campina Grande (1483); Capim (38);&nbsp; Carrapateira (1); Casserengue (8); Catingueira (4), Catol\u00e9 do Rocha (40); Caturit\u00e9 (11); Concei\u00e7\u00e3o (3);&nbsp; Condado (38);&nbsp; Conde (95); Congo (11); Coremas (15); Coxixola (4); Cruz do Esp\u00edrito Santo (100); Cubati (1); Cuit\u00e9 (10);&nbsp; Cuit\u00e9 de Mamanguape (5); Cuiteg\u00ed (44); Curral de Cima (10); Dami\u00e3o (1); Desterro (6); Dona In\u00eas (2); Duas Estradas (17); Emas (1); Esperan\u00e7a (55); Fagundes (7); Gado Bravo (23);&nbsp; Guarabira (557); Gurinh\u00e9m (31); Gurj\u00e3o (10); Ibiara (4); Igaracy (2); Imaculada (9); Ing\u00e1 (58); Itabaiana (182); Itaporanga (3); Itapororoca (30); Itatuba (47); Jacara\u00fa (7); Jeric\u00f3 (2);&nbsp; Jo\u00e3o Pessoa (3902); Joca Claudino (1); Juarez T\u00e1vora (22); Juazeirinho (51);&nbsp; Junco do Serid\u00f3 (9); Juripiranga (86); Juru (4); Lagoa (3); Lagoa de Dentro (7); Lagoa Seca (74); Lastro (1); Logradouro (11); Lucena (54); M\u00e3e d&#8217;\u00c1gua (2); Malta (11); Mamanguape (145); Mana\u00edra (2); Marca\u00e7\u00e3o (7);&nbsp; Mari (106); Mariz\u00f3polis (3); Massaranduba (22); Mataraca (24); Matinhas (14); Mato Grosso (3); Matureia (10); Mogeiro (4);&nbsp; Montadas (6); Monteiro (22); Mulungu (16); Natuba (7); Nova Floresta (1), Nova Olinda (2); Nova Palmeira (2), Olho D\u00b4\u00c1gua (9); Olivedos (2);&nbsp; Ouro Velho (1); Passagem (4); Patos (555); Paulista (17); Pedras de Fogo (245); Pedro R\u00e9gis (1); Pianc\u00f3 (15); Picu\u00ed (10); Pilar (38); Pil\u00f5es (10); Pil\u00f5ezinhos (51); Pirpirituba (18); Pitimbu (67); Pocinhos (6);&nbsp; Pombal (60); Princesa Isabel (8); Puxinan\u00e3 (29);&nbsp; Queimadas (95); Quixaba (4); Rem\u00edgio (42); Riach\u00e3o do Bacamarte (77);&nbsp; Riach\u00e3o do Po\u00e7o (1); Riacho de Santo Ant\u00f4nio (3); Riacho dos Cavalos (2); Rio Tinto (55); Salgadinho (5); Salgado de S\u00e3o Felix (25); Santa Cec\u00edlia (3); Santa Helena (1); Santa In\u00eas (1);&nbsp; Santa Luzia (43); Santa Rita (569); Santa Terezinha (13); Santana dos Garrotes (1); S\u00e3o Bentinho (9); S\u00e3o Bento (117); S\u00e3o Francisco (2);&nbsp; S\u00e3o Jo\u00e3o do Cariri (1); S\u00e3o Jo\u00e3o do Rio do Peixe (8); S\u00e3o Jo\u00e3o do Tigre (1); S\u00e3o Jos\u00e9 da Lagoa Tapada (13); S\u00e3o Jos\u00e9 de Caiana (10); S\u00e3o Jos\u00e9 de Espinharas (3); S\u00e3o Jos\u00e9 de Piranhas (5); S\u00e3o Jos\u00e9 do Bonfim (11); S\u00e3o Jos\u00e9 do Sabugi (61); S\u00e3o Jos\u00e9 dos Cordeiros (3); S\u00e3o Jos\u00e9 dos Ramos (10); S\u00e3o Mamede (12); S\u00e3o Miguel de Taipu (17);&nbsp; S\u00e3o Sebasti\u00e3o de Lagoa de Ro\u00e7a (4); S\u00e3o Sebasti\u00e3o do Umbuzeiro (1); S\u00e3o Vicente do Serid\u00f3 (12); Sap\u00e9 (189); Serra Branca (2); Serra da Ra\u00edz (10); Serra Redonda (36); Serraria (11); Sert\u00e3ozinho (14); Sobrado (21); Sol\u00e2nea (63); Soledade (9); Sousa (176); Sum\u00e9 (20); Tacima (14); Tapero\u00e1 (32); Tavares (6); Teixeira (17); Ten\u00f3rio (1); Uira\u00fana (4); Umbuzeiro (16); V\u00e1rzea (1); Vieir\u00f3polis (2); Vista Serrana (1).<\/p>\n\n\n\n<p>*Dados Oficiais preliminares (fonte e-sus VE e SIVEP) extra\u00eddos \u00e0s 10h do dia 30\/05 sujeitos a revis\u00e3o.<\/p>\n\n\n\n<p>19 \u00f3bitos foram confirmados neste s\u00e1bado:<\/p>\n\n\n\n<ol class=\"wp-block-list\"><li>Mulher, 47 anos, cardiopata, diab\u00e9tica, residente em Jo\u00e3o Pessoa. In\u00edcio dos sintomas 05\/05, veio a \u00f3bito na Unidade de Pronto Atendimento dia 07\/05.<\/li><li>Mulher, 56 anos, residente em Jo\u00e3o Pessoa. In\u00edcio dos sintomas 01\/05, interna em hospital p\u00fablico, veio a \u00f3bito no dia 13\/05.<\/li><li>Homem, 64 anos, diab\u00e9tico, residente em Jo\u00e3o Pessoa. In\u00edcio dos sintomas 30\/04, interno em hospital p\u00fablico, veio a \u00f3bito no dia 10\/05.<\/li><li>Homem, 71 anos, sem informa\u00e7\u00e3o de comorbidade, residente em Jo\u00e3o Pessoa. In\u00edcio dos sintomas 13\/05, interno em hospital p\u00fablico, veio a \u00f3bito no dia 21\/05.<\/li><li>Homem, idoso 85 anos, hipertenso, diab\u00e9tico, residente em Jo\u00e3o Pessoa. In\u00edcio dos sintomas 16\/05, interno em hospital p\u00fablico, veio a \u00f3bito no dia 28\/05.<\/li><li>Mulher, 83 anos, sem informa\u00e7\u00e3o de comorbidade, residente em Santa Rita. In\u00edcio dos sintomas 19\/05, interna em hospital p\u00fablico, veio a \u00f3bito no dia 28\/05.<\/li><li>Homem, 76 anos, sem informa\u00e7\u00e3o de comorbidade, residente em Jo\u00e3o Pessoa. In\u00edcio dos sintomas 16\/05, interno em hospital p\u00fablico, veio a \u00f3bito no dia 29\/05.<\/li><li>Mulher, 71 anos, hipertensa, residente em Patos. In\u00edcio dos sintomas 16\/05, interna em hospital p\u00fablico, veio a \u00f3bito no dia 30\/05.<\/li><li>Homem, 74 anos, hipertenso, residente em Gurj\u00e3o. In\u00edcio dos sintomas 20\/04, interno em hospital p\u00fablico, veio a \u00f3bito no dia 19\/05.<\/li><li>Homem, 57 anos, diab\u00e9tico, residente em Jo\u00e3o Pessoa. In\u00edcio dos sintomas 07\/05, interno em hospital p\u00fablico, veio a \u00f3bito no dia 08\/05.<\/li><li>Mulher, 75 anos, portadora de doen\u00e7a renal e neurol\u00f3gica, residente em Jo\u00e3o Pessoa. In\u00edcio dos sintomas 28\/04, interna em hospital p\u00fablico, veio a \u00f3bito no dia 18\/05.<\/li><li>Mulher, 63 anos, cardiopata, residente em Jo\u00e3o Pessoa. In\u00edcio dos sintomas 09\/05, veio a \u00f3bito na Unidade de Pronto Atendimento no dia 14\/05.<\/li><li>Homem, 81 anos, diab\u00e9tico, residente em Cabedelo. In\u00edcio dos sintomas 06\/05, veio a \u00f3bito na Unidade de Pronto Atendimento no dia 09\/05.<\/li><li>Homem, 43 anos, cardiopata, hipertenso, diab\u00e9tico, residente em Jo\u00e3o Pessoa. In\u00edcio dos sintomas 30\/04, interno em hospital p\u00fablico, veio a \u00f3bito no dia 23\/05.<\/li><li>Mulher, 86 anos sem informa\u00e7\u00e3o de comorbidade, residente em Jo\u00e3o Pessoa. In\u00edcio dos sintomas 01\/04, veio a \u00f3bito na Unidade de Pronto Atendimento no dia 14\/04.<\/li><li>Homem, 72 anos, diab\u00e9tico, residente em Santa Rita. In\u00edcio dos sintomas 28\/04, interno em hospital p\u00fablico, veio a \u00f3bito no dia 22\/05.<\/li><li>Homem, 34 anos, sem informa\u00e7\u00e3o de comorbidade, residente em Jo\u00e3o Pessoa. In\u00edcio dos sintomas 15\/05, veio a \u00f3bito na Unidade Pronto Atendimento no dia 24\/05.<\/li><li>Mulher, 63 anos, cardiopata, diab\u00e9tica, residente Santa Rita. In\u00edcio dos sintomas 01\/05, interna em hospital p\u00fablico, veio a \u00f3bito no dia 18\/05.<\/li><li>Mulher, 55 anos, diab\u00e9tica, residente Santa Rita. In\u00edcio dos sintomas 15\/05, interno em hospital p\u00fablico, veio a \u00f3bito no dia 24\/05.<\/li><\/ol>\n","protected":false},"excerpt":{"rendered":"<p>A Para\u00edba registrou at\u00e9 a tarde deste s\u00e1bado(30) um total de 12.862 infectados com a covid-19. Os n\u00fameros divulgados tamb\u00e9m incluem o total de 10.524&hellip; <\/p>\n","protected":false},"author":2,"featured_media":172211,"comment_status":"closed","ping_status":"closed","sticky":false,"template":"","format":"standard","meta":{"sfsi_plus_gutenberg_text_before_share":"","sfsi_plus_gutenberg_show_text_before_share":"","sfsi_plus_gutenberg_icon_type":"","sfsi_plus_gutenberg_icon_alignemt":"","sfsi_plus_gutenburg_max_per_row":"","footnotes":""},"categories":[16],"tags":[],"class_list":["post-172210","post","type-post","status-publish","format-standard","has-post-thumbnail","hentry","category-saude"],"_links":{"self":[{"href":"https:\/\/www.caririemacao.com\/1\/wp-json\/wp\/v2\/posts\/172210","targetHints":{"allow":["GET"]}}],"collection":[{"href":"https:\/\/www.caririemacao.com\/1\/wp-json\/wp\/v2\/posts"}],"about":[{"href":"https:\/\/www.caririemacao.com\/1\/wp-json\/wp\/v2\/types\/post"}],"author":[{"embeddable":true,"href":"https:\/\/www.caririemacao.com\/1\/wp-json\/wp\/v2\/users\/2"}],"replies":[{"embeddable":true,"href":"https:\/\/www.caririemacao.com\/1\/wp-json\/wp\/v2\/comments?post=172210"}],"version-history":[{"count":1,"href":"https:\/\/www.caririemacao.com\/1\/wp-json\/wp\/v2\/posts\/172210\/revisions"}],"predecessor-version":[{"id":172212,"href":"https:\/\/www.caririemacao.com\/1\/wp-json\/wp\/v2\/posts\/172210\/revisions\/172212"}],"wp:featuredmedia":[{"embeddable":true,"href":"https:\/\/www.caririemacao.com\/1\/wp-json\/wp\/v2\/media\/172211"}],"wp:attachment":[{"href":"https:\/\/www.caririemacao.com\/1\/wp-json\/wp\/v2\/media?parent=172210"}],"wp:term":[{"taxonomy":"category","embeddable":true,"href":"https:\/\/www.caririemacao.com\/1\/wp-json\/wp\/v2\/categories?post=172210"},{"taxonomy":"post_tag","embeddable":true,"href":"https:\/\/www.caririemacao.com\/1\/wp-json\/wp\/v2\/tags?post=172210"}],"curies":[{"name":"wp","href":"https:\/\/api.w.org\/{rel}","templated":true}]}}