{"id":172218,"date":"2020-05-31T08:54:47","date_gmt":"2020-05-31T11:54:47","guid":{"rendered":"https:\/\/www.caririemacao.com\/1\/?p=172218"},"modified":"2020-05-31T08:54:47","modified_gmt":"2020-05-31T11:54:47","slug":"em-meio-a-crise-de-coronavirus-stj-quer-gastar-r-1947-mil-em-poltronas","status":"publish","type":"post","link":"https:\/\/www.caririemacao.com\/1\/2020\/05\/31\/em-meio-a-crise-de-coronavirus-stj-quer-gastar-r-1947-mil-em-poltronas\/","title":{"rendered":"Em meio \u00e0 crise de coronav\u00edrus, STJ quer gastar R$ 194,7 mil em poltronas"},"content":{"rendered":"\n<h1 class=\"wp-block-heading\"><\/h1>\n\n\n\n<p>O Superior Tribunal de Justi\u00e7a (STJ) abriu uma licita\u00e7\u00e3o, em 16 de abril deste ano \u2013 em meio \u00e0 crise econ\u00f4mica causada pela pandemia de coronav\u00edrus \u2013, para a compra de 96 poltronas fixas. O custo total do preg\u00e3o \u00e9 de R$ 194.727,48. Ou seja, a unidade dos m\u00f3veis vai custar mais de R$ 2 mil.<\/p>\n\n\n\n<p>Segundo o documento do \u00f3rg\u00e3o, o tribunal precisa de 88 poltronas modelo Cafiero (PO7) e 6, no mesmo estilo, mas com medidas especiais. A linha \u00e9 inspirada nos trabalhos do designer norte-americano Vincent Cafiero, que coordenava e executava projetos para resid\u00eancias, universidades e escrit\u00f3rios de empresas e executivos nos Estados Unidos.<\/p>\n\n\n\n<p>A reportagem do Metr\u00f3poles encontrou apenas uma loja fornecedora desse modelo de poltronas. Contudo, a companhia trabalha com a restaura\u00e7\u00e3o de m\u00f3veis.<\/p>\n\n\n\n<p>De acordo com a licita\u00e7\u00e3o, as poltronas ser\u00e3o usadas para compor ambientes do tribunal, n\u00e3o para uso dos magistrados. \u201cPoltrona fixa individual, estofada, para compor ambientes coletivos do tipo audit\u00f3rio e sala de reuni\u00f5es corporativa, seguindo padr\u00e3o utilizado no STJ na sala do Tribunal Pleno (TRP). Desenho de refer\u00eancia: Design Vicent Cafiero\u201d, diz o documento.<\/p>\n\n\n\n<p>As informa\u00e7\u00f5es referentes ao preg\u00e3o foram apuradas por meio do Portal da Transpar\u00eancia, no pr\u00f3prio site do Superior Tribunal de Justi\u00e7a.<\/p>\n","protected":false},"excerpt":{"rendered":"<p>O Superior Tribunal de Justi\u00e7a (STJ) abriu uma licita\u00e7\u00e3o, em 16 de abril deste ano \u2013 em meio \u00e0 crise econ\u00f4mica causada pela pandemia de&hellip; <\/p>\n","protected":false},"author":2,"featured_media":172219,"comment_status":"closed","ping_status":"closed","sticky":false,"template":"","format":"standard","meta":{"sfsi_plus_gutenberg_text_before_share":"","sfsi_plus_gutenberg_show_text_before_share":"","sfsi_plus_gutenberg_icon_type":"","sfsi_plus_gutenberg_icon_alignemt":"","sfsi_plus_gutenburg_max_per_row":"","footnotes":""},"categories":[2],"tags":[],"class_list":["post-172218","post","type-post","status-publish","format-standard","has-post-thumbnail","hentry","category-geral"],"_links":{"self":[{"href":"https:\/\/www.caririemacao.com\/1\/wp-json\/wp\/v2\/posts\/172218","targetHints":{"allow":["GET"]}}],"collection":[{"href":"https:\/\/www.caririemacao.com\/1\/wp-json\/wp\/v2\/posts"}],"about":[{"href":"https:\/\/www.caririemacao.com\/1\/wp-json\/wp\/v2\/types\/post"}],"author":[{"embeddable":true,"href":"https:\/\/www.caririemacao.com\/1\/wp-json\/wp\/v2\/users\/2"}],"replies":[{"embeddable":true,"href":"https:\/\/www.caririemacao.com\/1\/wp-json\/wp\/v2\/comments?post=172218"}],"version-history":[{"count":1,"href":"https:\/\/www.caririemacao.com\/1\/wp-json\/wp\/v2\/posts\/172218\/revisions"}],"predecessor-version":[{"id":172220,"href":"https:\/\/www.caririemacao.com\/1\/wp-json\/wp\/v2\/posts\/172218\/revisions\/172220"}],"wp:featuredmedia":[{"embeddable":true,"href":"https:\/\/www.caririemacao.com\/1\/wp-json\/wp\/v2\/media\/172219"}],"wp:attachment":[{"href":"https:\/\/www.caririemacao.com\/1\/wp-json\/wp\/v2\/media?parent=172218"}],"wp:term":[{"taxonomy":"category","embeddable":true,"href":"https:\/\/www.caririemacao.com\/1\/wp-json\/wp\/v2\/categories?post=172218"},{"taxonomy":"post_tag","embeddable":true,"href":"https:\/\/www.caririemacao.com\/1\/wp-json\/wp\/v2\/tags?post=172218"}],"curies":[{"name":"wp","href":"https:\/\/api.w.org\/{rel}","templated":true}]}}