{"id":172222,"date":"2020-05-31T08:58:37","date_gmt":"2020-05-31T11:58:37","guid":{"rendered":"https:\/\/www.caririemacao.com\/1\/?p=172222"},"modified":"2020-05-31T08:58:37","modified_gmt":"2020-05-31T11:58:37","slug":"tudo-aponta-para-uma-crise-diz-bolsonaro-ao-citar-acoes-do-judiciario-sobre-governo","status":"publish","type":"post","link":"https:\/\/www.caririemacao.com\/1\/2020\/05\/31\/tudo-aponta-para-uma-crise-diz-bolsonaro-ao-citar-acoes-do-judiciario-sobre-governo\/","title":{"rendered":"Tudo aponta para uma crise&#8217;, diz Bolsonaro ao citar a\u00e7\u00f5es do Judici\u00e1rio sobre governo"},"content":{"rendered":"\n<h1 class=\"wp-block-heading\"><\/h1>\n\n\n\n<p>&#8220;Primeiras p\u00e1ginas dos jornais abordaram com diferentes destaques, as decis\u00f5es envolvendo a atua\u00e7\u00e3o do Supremo Tribunal Federal, da Pol\u00edcia Federal, do Tribunal de Contas da Uni\u00e3o e do Tribunal Superior Eleitoral em rela\u00e7\u00e3o ao governo Bolsonaro e seus aliados&#8221;, diz a mensagem postada pelo presidente.<\/p>\n\n\n\n<p>A primeira informa\u00e7\u00e3o elencada trata da decis\u00e3o do ministro Celso de Mello, do STF (Supremo Tribunal Federal), de enviar na noite desta sexta-feira (29) ao procurador-geral da Rep\u00fablica, Augusto Aras, um pedido de investiga\u00e7\u00e3o sobre o deputado federal Eduardo Bolsonaro (PSL-SP) por &#8220;incita\u00e7\u00e3o \u00e0 subvers\u00e3o da ordem pol\u00edtica ou social previsto na Lei de Seguran\u00e7a Nacional&#8221;.<\/p>\n\n\n\n<p>A medida \u00e9 uma praxe, uma vez que o tribunal, ao receber uma not\u00edcia-crime, deve report\u00e1-la \u00e0s autoridades de investiga\u00e7\u00e3o. Nesta semana, o deputado criticou decis\u00f5es recentes dos ministros Celso e Alexandre de Moraes. Em live na noite de quarta-feira (27) ao lado de alvos da a\u00e7\u00e3o do Supremo contra fake news, Eduardo defendeu reagir energeticamente contra a corte.<\/p>\n\n\n\n<p>A postagem de Bolsonaro cita ainda o pedido da Pol\u00edcia Federal ao ministro Celso de Mello de mais 30 dias para concluir o inqu\u00e9rito que apura se Bolsonaro interferiu na corpora\u00e7\u00e3o. O pedido foi feito pela delegada Christine Machado, que conduz as investiga\u00e7\u00f5es.<\/p>\n\n\n\n<p>A PF afirmou que um dos pr\u00f3ximos passos do inqu\u00e9rito sobre interfer\u00eancias na PF ser\u00e1 tomar o depoimento do presidente.<\/p>\n\n\n\n<p>O presidente destaca ainda movimenta\u00e7\u00f5es do Tribunal Superior Eleitoral (TSE) relacionada ao inqu\u00e9rito das fake news, que tramita no Supremo, da atua\u00e7\u00e3o do TCU sobre o chamado &#8220;gabinete \u00f3dio&#8221;, instalado no Planalto e investigado pelo STF, e a manifesta\u00e7\u00e3o de procuradores da Rep\u00fablica a favor da forma\u00e7\u00e3o de uma lista tr\u00edplice para a chefia da Procuradoria-Geral da Rep\u00fablica \u2013o atual chefe da PGR, Augusto Aras, n\u00e3o participou da lista.<\/p>\n\n\n\n<p>A mensagem postada pelo presidente cita ainda a not\u00edcia de que o ministro da Educa\u00e7\u00e3o, Abraham Weintraub, ficou em sil\u00eancio em depoimento \u00e0 PF nesta sexta-feira (29) para esclarecer afirma\u00e7\u00e3o feita em reuni\u00e3o ministerial de que, por ele, botaria &#8220;esses vagabundos todos na cadeia, come\u00e7ando pelo STF&#8221;.<\/p>\n","protected":false},"excerpt":{"rendered":"<p>&#8220;Primeiras p\u00e1ginas dos jornais abordaram com diferentes destaques, as decis\u00f5es envolvendo a atua\u00e7\u00e3o do Supremo Tribunal Federal, da Pol\u00edcia Federal, do Tribunal de Contas da&hellip; <\/p>\n","protected":false},"author":2,"featured_media":172223,"comment_status":"closed","ping_status":"closed","sticky":false,"template":"","format":"standard","meta":{"sfsi_plus_gutenberg_text_before_share":"","sfsi_plus_gutenberg_show_text_before_share":"","sfsi_plus_gutenberg_icon_type":"","sfsi_plus_gutenberg_icon_alignemt":"","sfsi_plus_gutenburg_max_per_row":"","footnotes":""},"categories":[11],"tags":[],"class_list":["post-172222","post","type-post","status-publish","format-standard","has-post-thumbnail","hentry","category-politica"],"_links":{"self":[{"href":"https:\/\/www.caririemacao.com\/1\/wp-json\/wp\/v2\/posts\/172222","targetHints":{"allow":["GET"]}}],"collection":[{"href":"https:\/\/www.caririemacao.com\/1\/wp-json\/wp\/v2\/posts"}],"about":[{"href":"https:\/\/www.caririemacao.com\/1\/wp-json\/wp\/v2\/types\/post"}],"author":[{"embeddable":true,"href":"https:\/\/www.caririemacao.com\/1\/wp-json\/wp\/v2\/users\/2"}],"replies":[{"embeddable":true,"href":"https:\/\/www.caririemacao.com\/1\/wp-json\/wp\/v2\/comments?post=172222"}],"version-history":[{"count":1,"href":"https:\/\/www.caririemacao.com\/1\/wp-json\/wp\/v2\/posts\/172222\/revisions"}],"predecessor-version":[{"id":172224,"href":"https:\/\/www.caririemacao.com\/1\/wp-json\/wp\/v2\/posts\/172222\/revisions\/172224"}],"wp:featuredmedia":[{"embeddable":true,"href":"https:\/\/www.caririemacao.com\/1\/wp-json\/wp\/v2\/media\/172223"}],"wp:attachment":[{"href":"https:\/\/www.caririemacao.com\/1\/wp-json\/wp\/v2\/media?parent=172222"}],"wp:term":[{"taxonomy":"category","embeddable":true,"href":"https:\/\/www.caririemacao.com\/1\/wp-json\/wp\/v2\/categories?post=172222"},{"taxonomy":"post_tag","embeddable":true,"href":"https:\/\/www.caririemacao.com\/1\/wp-json\/wp\/v2\/tags?post=172222"}],"curies":[{"name":"wp","href":"https:\/\/api.w.org\/{rel}","templated":true}]}}