{"id":172225,"date":"2020-05-31T09:00:57","date_gmt":"2020-05-31T12:00:57","guid":{"rendered":"https:\/\/www.caririemacao.com\/1\/?p=172225"},"modified":"2020-05-31T09:00:57","modified_gmt":"2020-05-31T12:00:57","slug":"maes-menores-de-idade-podem-pedir-auxilio-emergencial-a-partir-de-hoje","status":"publish","type":"post","link":"https:\/\/www.caririemacao.com\/1\/2020\/05\/31\/maes-menores-de-idade-podem-pedir-auxilio-emergencial-a-partir-de-hoje\/","title":{"rendered":"M\u00e3es menores de idade podem pedir aux\u00edlio emergencial a partir de hoje"},"content":{"rendered":"\n<h1 class=\"wp-block-heading\"><\/h1>\n\n\n\n<p>A partir de hoje (30), as m\u00e3es com menos de 18 anos podem pedir o aux\u00edlio emergencial de R$ 600 (R$ 1,2 mil para m\u00e3es solteiras). A novidade est\u00e1 dispon\u00edvel na 16\u00aa vers\u00e3o do aplicativo Caixa Aux\u00edlio Emergencial, que est\u00e1 sendo liberada hoje pela Caixa Econ\u00f4mica Federal.<\/p>\n\n\n\n<p>Inclu\u00edda pelo Congresso durante a tramita\u00e7\u00e3o da medida provis\u00f3ria que instituiu o benef\u00edcio, a extens\u00e3o do aux\u00edlio emergencial para m\u00e3es menores de idade havia sido sancionada pelo presidente Jair Bolsonaro no \u00faltimo dia 15. O cadastro no aux\u00edlio emergencial pode ser pedido at\u00e9 3 de junho.<\/p>\n\n\n\n<p>A vice-presidente de Tecnologia da Caixa, Tatiana Thom\u00e9, explicou como funcionar\u00e1 a novidade em entrevista coletiva hoje \u00e0 tarde. A m\u00e3e menor de idade precisa cadastrar pelo menos dois membros da fam\u00edlia (ela pr\u00f3pria mais um filho, no m\u00ednimo). Caso a adolescente perten\u00e7a a uma fam\u00edlia maior, com algum membro que tenha se cadastrado no aux\u00edlio emergencial, precisar\u00e1 fazer o cadastro compat\u00edvel com o do outro membro da fam\u00edlia.<\/p>\n\n\n\n<p>M\u00e3es gr\u00e1vidas n\u00e3o poder\u00e3o fazer o cadastro porque o aplicativo pedir\u00e1 o Cadastro de Pessoas F\u00edsicas (CPF) do filho. O processo se dar\u00e1 de forma igual ao dos demais cadastramentos. Ao entrar no aplicativo, a m\u00e3e digitar\u00e1 nome completo, n\u00famero do CPF, nome da m\u00e3e e data de nascimento, conforme constam nos cadastros da Receita Federal. O aplicativo oferece a op\u00e7\u00e3o \u201cm\u00e3e desconhecida\u201d, caso a requerente n\u00e3o conhe\u00e7a a m\u00e3e.<\/p>\n\n\n\n<p>Finalizado o cadastro, os dados ser\u00e3o enviados \u00e0 Dataprev, empresa estatal de tecnologia, que comparar\u00e1 as informa\u00e7\u00f5es prestadas com as 17 bases de dados dispon\u00edveis para ver se o requerente cumpre as condi\u00e7\u00f5es da lei para receber o aux\u00edlio emergencial. A usu\u00e1ria poder\u00e1 acompanhar, no pr\u00f3prio aplicativo, se o benef\u00edcio foi aprovado, negado ou se o cadastro foi considerado inconclusivo (quando as informa\u00e7\u00f5es prestadas n\u00e3o conferem com os bancos de dados do governo).<\/p>\n","protected":false},"excerpt":{"rendered":"<p>A partir de hoje (30), as m\u00e3es com menos de 18 anos podem pedir o aux\u00edlio emergencial de R$ 600 (R$ 1,2 mil para m\u00e3es&hellip; <\/p>\n","protected":false},"author":2,"featured_media":172226,"comment_status":"closed","ping_status":"closed","sticky":false,"template":"","format":"standard","meta":{"sfsi_plus_gutenberg_text_before_share":"","sfsi_plus_gutenberg_show_text_before_share":"","sfsi_plus_gutenberg_icon_type":"","sfsi_plus_gutenberg_icon_alignemt":"","sfsi_plus_gutenburg_max_per_row":"","footnotes":""},"categories":[50,2],"tags":[],"class_list":["post-172225","post","type-post","status-publish","format-standard","has-post-thumbnail","hentry","category-destaque","category-geral"],"_links":{"self":[{"href":"https:\/\/www.caririemacao.com\/1\/wp-json\/wp\/v2\/posts\/172225","targetHints":{"allow":["GET"]}}],"collection":[{"href":"https:\/\/www.caririemacao.com\/1\/wp-json\/wp\/v2\/posts"}],"about":[{"href":"https:\/\/www.caririemacao.com\/1\/wp-json\/wp\/v2\/types\/post"}],"author":[{"embeddable":true,"href":"https:\/\/www.caririemacao.com\/1\/wp-json\/wp\/v2\/users\/2"}],"replies":[{"embeddable":true,"href":"https:\/\/www.caririemacao.com\/1\/wp-json\/wp\/v2\/comments?post=172225"}],"version-history":[{"count":1,"href":"https:\/\/www.caririemacao.com\/1\/wp-json\/wp\/v2\/posts\/172225\/revisions"}],"predecessor-version":[{"id":172227,"href":"https:\/\/www.caririemacao.com\/1\/wp-json\/wp\/v2\/posts\/172225\/revisions\/172227"}],"wp:featuredmedia":[{"embeddable":true,"href":"https:\/\/www.caririemacao.com\/1\/wp-json\/wp\/v2\/media\/172226"}],"wp:attachment":[{"href":"https:\/\/www.caririemacao.com\/1\/wp-json\/wp\/v2\/media?parent=172225"}],"wp:term":[{"taxonomy":"category","embeddable":true,"href":"https:\/\/www.caririemacao.com\/1\/wp-json\/wp\/v2\/categories?post=172225"},{"taxonomy":"post_tag","embeddable":true,"href":"https:\/\/www.caririemacao.com\/1\/wp-json\/wp\/v2\/tags?post=172225"}],"curies":[{"name":"wp","href":"https:\/\/api.w.org\/{rel}","templated":true}]}}