{"id":172229,"date":"2020-05-31T09:06:16","date_gmt":"2020-05-31T12:06:16","guid":{"rendered":"https:\/\/www.caririemacao.com\/1\/?p=172229"},"modified":"2020-05-31T09:06:16","modified_gmt":"2020-05-31T12:06:16","slug":"ministerio-da-saude-prorroga-campanha-de-vacinacao-contra-gripe","status":"publish","type":"post","link":"https:\/\/www.caririemacao.com\/1\/2020\/05\/31\/ministerio-da-saude-prorroga-campanha-de-vacinacao-contra-gripe\/","title":{"rendered":"Minist\u00e9rio da Sa\u00fade prorroga campanha de vacina\u00e7\u00e3o contra gripe"},"content":{"rendered":"\n<h1 class=\"wp-block-heading\"><\/h1>\n\n\n\n<p>O Minist\u00e9rio da Sa\u00fade anunciou a prorroga\u00e7\u00e3o da Campanha Nacional de Vacina\u00e7\u00e3o contra a Gripe at\u00e9 o dia 30 de junho. A campanha teve tr\u00eas fases, sendo que a terceira fase (dividida em duas etapas) iria at\u00e9 o dia 5 de junho. Por\u00e9m, o baixo \u00edndice de vacina\u00e7\u00e3o de grupos priorit\u00e1rios motivou a prorroga\u00e7\u00e3o da campanha.<\/p>\n\n\n\n<p>Os grupos priorit\u00e1rios da terceira fase s\u00e3o formados por pessoas com defici\u00eancia, crian\u00e7as de 6 meses a menores de 6 anos, gestantes, pu\u00e9rperas, professores e pessoas de 55 a 59 anos de idade.<\/p>\n\n\n\n<p>De 77,7 milh\u00f5es de pessoas que fazem parte desse p\u00fablico, apenas 63,53% receberam a vacina. O Minist\u00e9rio da Sa\u00fade espera, com a prorroga\u00e7\u00e3o, alcan\u00e7ar mais 28,3 milh\u00f5es de pessoas.<\/p>\n\n\n\n<p>A vacina contra influenza n\u00e3o tem efic\u00e1cia contra o novo coronav\u00edrus, por\u00e9m, neste momento, ajuda os profissionais de sa\u00fade na exclus\u00e3o do diagn\u00f3stico para a covid-19, j\u00e1 que os sintomas s\u00e3o parecidos. E, ainda, ajuda a reduzir a procura por servi\u00e7os de sa\u00fade, j\u00e1 bastante demandados por conta da epidemia do novo coronav\u00edrus.<\/p>\n\n\n\n<p>At\u00e9 o momento, 74,9 milh\u00f5es de doses da vacina j\u00e1 foram distribu\u00eddas aos estados para garantir a imuniza\u00e7\u00e3o do p\u00fablico-alvo da campanha. Os professores, parte do grupo priorit\u00e1rio, devem apresentar o crach\u00e1 funcional para comprovar o v\u00ednculo com alguma institui\u00e7\u00e3o de ensino.<\/p>\n","protected":false},"excerpt":{"rendered":"<p>O Minist\u00e9rio da Sa\u00fade anunciou a prorroga\u00e7\u00e3o da Campanha Nacional de Vacina\u00e7\u00e3o contra a Gripe at\u00e9 o dia 30 de junho. A campanha teve tr\u00eas&hellip; <\/p>\n","protected":false},"author":2,"featured_media":172230,"comment_status":"closed","ping_status":"closed","sticky":false,"template":"","format":"standard","meta":{"sfsi_plus_gutenberg_text_before_share":"","sfsi_plus_gutenberg_show_text_before_share":"","sfsi_plus_gutenberg_icon_type":"","sfsi_plus_gutenberg_icon_alignemt":"","sfsi_plus_gutenburg_max_per_row":"","footnotes":""},"categories":[2],"tags":[],"class_list":["post-172229","post","type-post","status-publish","format-standard","has-post-thumbnail","hentry","category-geral"],"_links":{"self":[{"href":"https:\/\/www.caririemacao.com\/1\/wp-json\/wp\/v2\/posts\/172229","targetHints":{"allow":["GET"]}}],"collection":[{"href":"https:\/\/www.caririemacao.com\/1\/wp-json\/wp\/v2\/posts"}],"about":[{"href":"https:\/\/www.caririemacao.com\/1\/wp-json\/wp\/v2\/types\/post"}],"author":[{"embeddable":true,"href":"https:\/\/www.caririemacao.com\/1\/wp-json\/wp\/v2\/users\/2"}],"replies":[{"embeddable":true,"href":"https:\/\/www.caririemacao.com\/1\/wp-json\/wp\/v2\/comments?post=172229"}],"version-history":[{"count":1,"href":"https:\/\/www.caririemacao.com\/1\/wp-json\/wp\/v2\/posts\/172229\/revisions"}],"predecessor-version":[{"id":172231,"href":"https:\/\/www.caririemacao.com\/1\/wp-json\/wp\/v2\/posts\/172229\/revisions\/172231"}],"wp:featuredmedia":[{"embeddable":true,"href":"https:\/\/www.caririemacao.com\/1\/wp-json\/wp\/v2\/media\/172230"}],"wp:attachment":[{"href":"https:\/\/www.caririemacao.com\/1\/wp-json\/wp\/v2\/media?parent=172229"}],"wp:term":[{"taxonomy":"category","embeddable":true,"href":"https:\/\/www.caririemacao.com\/1\/wp-json\/wp\/v2\/categories?post=172229"},{"taxonomy":"post_tag","embeddable":true,"href":"https:\/\/www.caririemacao.com\/1\/wp-json\/wp\/v2\/tags?post=172229"}],"curies":[{"name":"wp","href":"https:\/\/api.w.org\/{rel}","templated":true}]}}