{"id":172233,"date":"2020-05-31T17:11:51","date_gmt":"2020-05-31T20:11:51","guid":{"rendered":"https:\/\/www.caririemacao.com\/1\/?p=172233"},"modified":"2020-05-31T17:11:51","modified_gmt":"2020-05-31T20:11:51","slug":"monteiro-confirma-mais-02-casos-positivos-de-covid-19","status":"publish","type":"post","link":"https:\/\/www.caririemacao.com\/1\/2020\/05\/31\/monteiro-confirma-mais-02-casos-positivos-de-covid-19\/","title":{"rendered":"Monteiro confirma mais 02 casos positivos de Covid-19"},"content":{"rendered":"\n<p>&#x1f539;Nota Informativa<br>Atualizada em 31\/05\/2020<\/p>\n\n\n\n<p>A Secretaria Municipal de Sa\u00fade de Monteiro informa que neste domingo, (31), tivemos mais dois novos casos confirmados para COVID &#8211; 19.<br>Trata-se de uma paciente do sexo feminino, 36 anos, e de um paciente do sexo masculino, 38 anos. Ambos sem comorbidades e com sintomas leves da S\u00edndrome Gripal. Permanecem em isolamento domiciliar, monitorados pela Vigil\u00e2ncia em sa\u00fade.<\/p>\n\n\n\n<p>Refor\u00e7amos a import\u00e2ncia de toda popula\u00e7\u00e3o seguir as orienta\u00e7\u00f5es do distanciamento social, o uso de m\u00e1scaras, a higieniza\u00e7\u00e3o das m\u00e3os com \u00e1lcool 70% e demais medidas apresentadas pela Secretaria de Sa\u00fade. <\/p>\n","protected":false},"excerpt":{"rendered":"<p>&#x1f539;Nota InformativaAtualizada em 31\/05\/2020 A Secretaria Municipal de Sa\u00fade de Monteiro informa que neste domingo, (31), tivemos mais dois novos casos confirmados para COVID &#8211;&hellip; <\/p>\n","protected":false},"author":1,"featured_media":172234,"comment_status":"closed","ping_status":"closed","sticky":false,"template":"","format":"standard","meta":{"sfsi_plus_gutenberg_text_before_share":"","sfsi_plus_gutenberg_show_text_before_share":"","sfsi_plus_gutenberg_icon_type":"","sfsi_plus_gutenberg_icon_alignemt":"","sfsi_plus_gutenburg_max_per_row":"","footnotes":""},"categories":[6,50],"tags":[],"class_list":["post-172233","post","type-post","status-publish","format-standard","has-post-thumbnail","hentry","category-cidades","category-destaque"],"_links":{"self":[{"href":"https:\/\/www.caririemacao.com\/1\/wp-json\/wp\/v2\/posts\/172233","targetHints":{"allow":["GET"]}}],"collection":[{"href":"https:\/\/www.caririemacao.com\/1\/wp-json\/wp\/v2\/posts"}],"about":[{"href":"https:\/\/www.caririemacao.com\/1\/wp-json\/wp\/v2\/types\/post"}],"author":[{"embeddable":true,"href":"https:\/\/www.caririemacao.com\/1\/wp-json\/wp\/v2\/users\/1"}],"replies":[{"embeddable":true,"href":"https:\/\/www.caririemacao.com\/1\/wp-json\/wp\/v2\/comments?post=172233"}],"version-history":[{"count":1,"href":"https:\/\/www.caririemacao.com\/1\/wp-json\/wp\/v2\/posts\/172233\/revisions"}],"predecessor-version":[{"id":172235,"href":"https:\/\/www.caririemacao.com\/1\/wp-json\/wp\/v2\/posts\/172233\/revisions\/172235"}],"wp:featuredmedia":[{"embeddable":true,"href":"https:\/\/www.caririemacao.com\/1\/wp-json\/wp\/v2\/media\/172234"}],"wp:attachment":[{"href":"https:\/\/www.caririemacao.com\/1\/wp-json\/wp\/v2\/media?parent=172233"}],"wp:term":[{"taxonomy":"category","embeddable":true,"href":"https:\/\/www.caririemacao.com\/1\/wp-json\/wp\/v2\/categories?post=172233"},{"taxonomy":"post_tag","embeddable":true,"href":"https:\/\/www.caririemacao.com\/1\/wp-json\/wp\/v2\/tags?post=172233"}],"curies":[{"name":"wp","href":"https:\/\/api.w.org\/{rel}","templated":true}]}}