{"id":172236,"date":"2020-05-31T23:30:50","date_gmt":"2020-06-01T02:30:50","guid":{"rendered":"https:\/\/www.caririemacao.com\/1\/?p=172236"},"modified":"2020-05-31T23:30:50","modified_gmt":"2020-06-01T02:30:50","slug":"em-gurjao-vereadora-elizete-decide-nao-disputar-mais-eleicoes","status":"publish","type":"post","link":"https:\/\/www.caririemacao.com\/1\/2020\/05\/31\/em-gurjao-vereadora-elizete-decide-nao-disputar-mais-eleicoes\/","title":{"rendered":"Em Gurj\u00e3o, vereadora Elizete decide n\u00e3o disputar mais elei\u00e7\u00f5es"},"content":{"rendered":"\n<p>A vereadora de Gurj\u00e3o, Maria Elizete, atual presidente da C\u00e2mara Municipal, em mensagem publicada na p\u00e1gina do Facebook revelou que n\u00e3o disputar\u00e1 nenhum cargo eletivo.<\/p>\n\n\n\n<p>Em tom de despedida, Elizete disse que a pol\u00edtica \u00e9 uma das coisas que mais gosta e sabe fazer, mas que tudo tem seu tempo, e o seu tempo chegou.<\/p>\n\n\n\n<p>Ela que est\u00e1 em seu quinto mandato como parlamentar mirim, agradeceu primeiramente a Deus por ter lhe dado sabedoria para conduzir 05 mandatos na C\u00e2mara Legislativa de Gurj\u00e3o e a sua fam\u00edlia que sempre esteve ao seu lado.<\/p>\n\n\n\n<p>\u201cPe\u00e7o perd\u00e3o pelas aus\u00eancias, somos seres humanos falhos, contudo tenham \u00e0 certeza que em tudo que fiz at\u00e9 hoje ofereci o melhor de mim. Entretanto, o meu cora\u00e7\u00e3o \u00e9 s\u00f3 GRATID\u00c3O pela confian\u00e7a que me foi depositada ao longo dos anos e aos amigos que me apoiaram direto e\/ou inteiramente. Em visto disso, reitero o meu apoio ao nosso pr\u00e9-candidato a prefeito ao qual irei apoiar e pleitear o voto de confian\u00e7a. Permito que os meus eleitores sejam livres para escolha do seu vereador. Obrigada por tudo! Abra\u00e7os da amiga de sempre a todos os gurjaenses, que o divino esp\u00edrito santo seja nossa Luz\u201d, se despediu emocionada.<\/p>\n","protected":false},"excerpt":{"rendered":"<p>A vereadora de Gurj\u00e3o, Maria Elizete, atual presidente da C\u00e2mara Municipal, em mensagem publicada na p\u00e1gina do Facebook revelou que n\u00e3o disputar\u00e1 nenhum cargo eletivo.&hellip; <\/p>\n","protected":false},"author":1,"featured_media":172237,"comment_status":"closed","ping_status":"closed","sticky":false,"template":"","format":"standard","meta":{"sfsi_plus_gutenberg_text_before_share":"","sfsi_plus_gutenberg_show_text_before_share":"","sfsi_plus_gutenberg_icon_type":"","sfsi_plus_gutenberg_icon_alignemt":"","sfsi_plus_gutenburg_max_per_row":"","footnotes":""},"categories":[50],"tags":[],"class_list":["post-172236","post","type-post","status-publish","format-standard","has-post-thumbnail","hentry","category-destaque"],"_links":{"self":[{"href":"https:\/\/www.caririemacao.com\/1\/wp-json\/wp\/v2\/posts\/172236","targetHints":{"allow":["GET"]}}],"collection":[{"href":"https:\/\/www.caririemacao.com\/1\/wp-json\/wp\/v2\/posts"}],"about":[{"href":"https:\/\/www.caririemacao.com\/1\/wp-json\/wp\/v2\/types\/post"}],"author":[{"embeddable":true,"href":"https:\/\/www.caririemacao.com\/1\/wp-json\/wp\/v2\/users\/1"}],"replies":[{"embeddable":true,"href":"https:\/\/www.caririemacao.com\/1\/wp-json\/wp\/v2\/comments?post=172236"}],"version-history":[{"count":1,"href":"https:\/\/www.caririemacao.com\/1\/wp-json\/wp\/v2\/posts\/172236\/revisions"}],"predecessor-version":[{"id":172238,"href":"https:\/\/www.caririemacao.com\/1\/wp-json\/wp\/v2\/posts\/172236\/revisions\/172238"}],"wp:featuredmedia":[{"embeddable":true,"href":"https:\/\/www.caririemacao.com\/1\/wp-json\/wp\/v2\/media\/172237"}],"wp:attachment":[{"href":"https:\/\/www.caririemacao.com\/1\/wp-json\/wp\/v2\/media?parent=172236"}],"wp:term":[{"taxonomy":"category","embeddable":true,"href":"https:\/\/www.caririemacao.com\/1\/wp-json\/wp\/v2\/categories?post=172236"},{"taxonomy":"post_tag","embeddable":true,"href":"https:\/\/www.caririemacao.com\/1\/wp-json\/wp\/v2\/tags?post=172236"}],"curies":[{"name":"wp","href":"https:\/\/api.w.org\/{rel}","templated":true}]}}