{"id":172239,"date":"2020-06-01T06:41:53","date_gmt":"2020-06-01T09:41:53","guid":{"rendered":"https:\/\/www.caririemacao.com\/1\/?p=172239"},"modified":"2020-06-01T06:41:53","modified_gmt":"2020-06-01T09:41:53","slug":"em-video-conferencia-prefeito-de-prata-junior-nobrega-solicita-recuperacao-da-pb-250","status":"publish","type":"post","link":"https:\/\/www.caririemacao.com\/1\/2020\/06\/01\/em-video-conferencia-prefeito-de-prata-junior-nobrega-solicita-recuperacao-da-pb-250\/","title":{"rendered":"Em v\u00eddeo confer\u00eancia Prefeito de Prata J\u00fanior N\u00f3brega solicita recupera\u00e7\u00e3o da PB 250"},"content":{"rendered":"\n<h3 class=\"wp-block-heading\"><\/h3>\n\n\n\n<p>O Prefeito de Prata J\u00fanior N\u00f3brega, atrav\u00e9s de reuni\u00e3o em v\u00eddeo confer\u00eancia solicitou a recupera\u00e7\u00e3o da Estrada BR 250, Rodovia Ant\u00f4nio Mariz que liga Rancho dos Negros passando pela Prata e segue cortando o vizinho munic\u00edpio de Ouro Velho at\u00e9 a divisa do Pernambuco.<br>Em conversa com v\u00eddeo confer\u00eancia com o Diretor do DER Dr. Lamartine&nbsp; o prefeito explicou que a rodovia est\u00e1 precisando de melhores ajustamentos, tanto na recupera\u00e7\u00e3o, como na parte de ro\u00e7o, pois tem trechos que o mato est\u00e1 fechando a estrada.<br>Segundo o prefeito a estrada necessita de uma extens\u00e3o de recupera\u00e7\u00e3o em alguns pontos do asfalto no sentindo Prata e Ouro Velho, at\u00e9 a divisa com Pernambuco.<br>POETA TEIXEIRINHA<\/p>\n","protected":false},"excerpt":{"rendered":"<p>O Prefeito de Prata J\u00fanior N\u00f3brega, atrav\u00e9s de reuni\u00e3o em v\u00eddeo confer\u00eancia solicitou a recupera\u00e7\u00e3o da Estrada BR 250, Rodovia Ant\u00f4nio Mariz que liga Rancho&hellip; <\/p>\n","protected":false},"author":2,"featured_media":172240,"comment_status":"closed","ping_status":"closed","sticky":false,"template":"","format":"standard","meta":{"sfsi_plus_gutenberg_text_before_share":"","sfsi_plus_gutenberg_show_text_before_share":"","sfsi_plus_gutenberg_icon_type":"","sfsi_plus_gutenberg_icon_alignemt":"","sfsi_plus_gutenburg_max_per_row":"","footnotes":""},"categories":[2],"tags":[],"class_list":["post-172239","post","type-post","status-publish","format-standard","has-post-thumbnail","hentry","category-geral"],"_links":{"self":[{"href":"https:\/\/www.caririemacao.com\/1\/wp-json\/wp\/v2\/posts\/172239","targetHints":{"allow":["GET"]}}],"collection":[{"href":"https:\/\/www.caririemacao.com\/1\/wp-json\/wp\/v2\/posts"}],"about":[{"href":"https:\/\/www.caririemacao.com\/1\/wp-json\/wp\/v2\/types\/post"}],"author":[{"embeddable":true,"href":"https:\/\/www.caririemacao.com\/1\/wp-json\/wp\/v2\/users\/2"}],"replies":[{"embeddable":true,"href":"https:\/\/www.caririemacao.com\/1\/wp-json\/wp\/v2\/comments?post=172239"}],"version-history":[{"count":1,"href":"https:\/\/www.caririemacao.com\/1\/wp-json\/wp\/v2\/posts\/172239\/revisions"}],"predecessor-version":[{"id":172241,"href":"https:\/\/www.caririemacao.com\/1\/wp-json\/wp\/v2\/posts\/172239\/revisions\/172241"}],"wp:featuredmedia":[{"embeddable":true,"href":"https:\/\/www.caririemacao.com\/1\/wp-json\/wp\/v2\/media\/172240"}],"wp:attachment":[{"href":"https:\/\/www.caririemacao.com\/1\/wp-json\/wp\/v2\/media?parent=172239"}],"wp:term":[{"taxonomy":"category","embeddable":true,"href":"https:\/\/www.caririemacao.com\/1\/wp-json\/wp\/v2\/categories?post=172239"},{"taxonomy":"post_tag","embeddable":true,"href":"https:\/\/www.caririemacao.com\/1\/wp-json\/wp\/v2\/tags?post=172239"}],"curies":[{"name":"wp","href":"https:\/\/api.w.org\/{rel}","templated":true}]}}