{"id":172243,"date":"2020-06-01T06:45:42","date_gmt":"2020-06-01T09:45:42","guid":{"rendered":"https:\/\/www.caririemacao.com\/1\/?p=172243"},"modified":"2020-06-01T06:45:42","modified_gmt":"2020-06-01T09:45:42","slug":"urgente-ministro-celso-de-mello-teme-intervencao-militar-iminente","status":"publish","type":"post","link":"https:\/\/www.caririemacao.com\/1\/2020\/06\/01\/urgente-ministro-celso-de-mello-teme-intervencao-militar-iminente\/","title":{"rendered":"Urgente: Ministro Celso de Mello teme interven\u00e7\u00e3o militar iminente"},"content":{"rendered":"\n<h1 class=\"wp-block-heading\"><\/h1>\n\n\n\n<p>O ministro do Supremo Tribunal Federal (STF), Celso de Mello, enviou uma mensagem aos seus colegas ministros na madrugada deste domingo (31) alertando-os para uma interven\u00e7\u00e3o militar iminente.<\/p>\n\n\n\n<p>Na mensagem, o ministro cita \u201cO Ovo da Serpente\u201d, filme que retrata o in\u00edcio do nazismo.<\/p>\n\n\n\n<p>Confira a \u00edntegra publicada pelo Antagonista:<\/p>\n\n\n\n<p>\u201cGUARDADAS as devidas propor\u00e7\u00f5es, O \u201cOVO DA SERPENTE\u201d, \u00e0 semelhan\u00e7a do que ocorreu na Rep\u00fablica de Weimar (1919-1933) , PARECE estar prestes a eclodir NO BRASIL !<\/p>\n\n\n\n<p>\u00c9 PRECISO RESISTIR \u00c0 DESTRUI\u00c7\u00c3O DA ORDEM DEMOCR\u00c1TICA, PARA EVITAR O QUE OCORREU NA REP\u00daBLICA DE WEIMAR QUANDO HITLER, ap\u00f3s eleito por voto popular e posteriormente nomeado pelo Presidente Paul von Hindenburg , em 30\/01\/1933 , COMO CHANCELER (Primeiro Ministro) DA ALEMANHA (\u201cREICHSKANZLER\u201d), N\u00c3O HESITOU EM ROMPER E EM NULIFICAR A PROGRESSISTA , DEMOCR\u00c1TICA E INOVADORA CONSTITUI\u00c7\u00c3O DE WEIMAR, de 11\/08\/1919 , impondo ao Pa\u00eds um sistema totalit\u00e1rio de poder viabilizado pela edi\u00e7\u00e3o , em mar\u00e7o de 1933 , da LEI (nazista) DE CONCESS\u00c3O DE PLENOS PODERES (ou LEI HABILITANTE) que lhe permitiu legislar SEM a interven\u00e7\u00e3o do Parlamento germ\u00e2nico!!!!<\/p>\n\n\n\n<p>\u201cINTERVEN\u00c7\u00c3O MILITAR\u201d, como pretendida por bolsonaristas e outras lideran\u00e7as autocr\u00e1ticas que desprezam a liberdade e odeiam a democracia, NADA MAIS SIGNIFICA, na NOVIL\u00cdNGUA bolsonarista, SEN\u00c3O A INSTAURA\u00c7\u00c3O , no Brasil, DE UMA DESPREZ\u00cdVEL E ABJETA DITADURA MILITAR !!!!\u201d<\/p>\n","protected":false},"excerpt":{"rendered":"<p>O ministro do Supremo Tribunal Federal (STF), Celso de Mello, enviou uma mensagem aos seus colegas ministros na madrugada deste domingo (31) alertando-os para uma&hellip; <\/p>\n","protected":false},"author":2,"featured_media":172125,"comment_status":"closed","ping_status":"closed","sticky":false,"template":"","format":"standard","meta":{"sfsi_plus_gutenberg_text_before_share":"","sfsi_plus_gutenberg_show_text_before_share":"","sfsi_plus_gutenberg_icon_type":"","sfsi_plus_gutenberg_icon_alignemt":"","sfsi_plus_gutenburg_max_per_row":"","footnotes":""},"categories":[2],"tags":[],"class_list":["post-172243","post","type-post","status-publish","format-standard","has-post-thumbnail","hentry","category-geral"],"_links":{"self":[{"href":"https:\/\/www.caririemacao.com\/1\/wp-json\/wp\/v2\/posts\/172243","targetHints":{"allow":["GET"]}}],"collection":[{"href":"https:\/\/www.caririemacao.com\/1\/wp-json\/wp\/v2\/posts"}],"about":[{"href":"https:\/\/www.caririemacao.com\/1\/wp-json\/wp\/v2\/types\/post"}],"author":[{"embeddable":true,"href":"https:\/\/www.caririemacao.com\/1\/wp-json\/wp\/v2\/users\/2"}],"replies":[{"embeddable":true,"href":"https:\/\/www.caririemacao.com\/1\/wp-json\/wp\/v2\/comments?post=172243"}],"version-history":[{"count":1,"href":"https:\/\/www.caririemacao.com\/1\/wp-json\/wp\/v2\/posts\/172243\/revisions"}],"predecessor-version":[{"id":172244,"href":"https:\/\/www.caririemacao.com\/1\/wp-json\/wp\/v2\/posts\/172243\/revisions\/172244"}],"wp:featuredmedia":[{"embeddable":true,"href":"https:\/\/www.caririemacao.com\/1\/wp-json\/wp\/v2\/media\/172125"}],"wp:attachment":[{"href":"https:\/\/www.caririemacao.com\/1\/wp-json\/wp\/v2\/media?parent=172243"}],"wp:term":[{"taxonomy":"category","embeddable":true,"href":"https:\/\/www.caririemacao.com\/1\/wp-json\/wp\/v2\/categories?post=172243"},{"taxonomy":"post_tag","embeddable":true,"href":"https:\/\/www.caririemacao.com\/1\/wp-json\/wp\/v2\/tags?post=172243"}],"curies":[{"name":"wp","href":"https:\/\/api.w.org\/{rel}","templated":true}]}}