{"id":172254,"date":"2020-06-01T06:58:30","date_gmt":"2020-06-01T09:58:30","guid":{"rendered":"https:\/\/www.caririemacao.com\/1\/?p=172254"},"modified":"2020-06-01T06:58:30","modified_gmt":"2020-06-01T09:58:30","slug":"governador-apresenta-plano-de-retomada-da-atividade-economica-na-paraiba","status":"publish","type":"post","link":"https:\/\/www.caririemacao.com\/1\/2020\/06\/01\/governador-apresenta-plano-de-retomada-da-atividade-economica-na-paraiba\/","title":{"rendered":"Governador apresenta plano de retomada da atividade econ\u00f4mica na Para\u00edba"},"content":{"rendered":"\n<h1 class=\"wp-block-heading\"><\/h1>\n\n\n\n<p>O governador Jo\u00e3o Azev\u00eado apresentou, neste domingo (31), por meio de transmiss\u00e3o ao vivo nas redes sociais, o plano de retomada da atividade econ\u00f4mica na Para\u00edba, que ocorrer\u00e1 a partir do dia 15 de junho.<\/p>\n\n\n\n<p>O modelo \u00e9 composto por quatro conjuntos de indicadores comportamentais e epidemiol\u00f3gicos que ir\u00e3o gerar uma nota, indicando os setores econ\u00f4micos que poder\u00e3o ser abertos em cada munic\u00edpio.<\/p>\n\n\n\n<p>A obedi\u00eancia ao isolamento social e as taxas de progress\u00e3o de casos novos, ocupa\u00e7\u00e3o hospitalar e letalidade ser\u00e3o os quatros par\u00e2metros que ir\u00e3o gerar uma pontua\u00e7\u00e3o e uma bandeira verde, amarela, vermelha ou preta para cada munic\u00edpio do Estado.<\/p>\n\n\n\n<p>O munic\u00edpio que apresentar a bandeira verde poder\u00e1 ter todos os setores da economia em funcionamento, adotando as medidas de distanciamento social.<\/p>\n\n\n\n<p>A bandeira amarela indicar\u00e1 restri\u00e7\u00e3o de funcionamento de atividades que representam maior risco para o controle da epidemia. A bandeira vermelha permitir\u00e1 a libera\u00e7\u00e3o apenas das atividades essenciais e a preta, representa restri\u00e7\u00f5es adicionais de locomo\u00e7\u00e3o.<\/p>\n\n\n\n<p>A retomada das atividades econ\u00f4micas obedecer\u00e1 quatro fases: in\u00edcio da flexibiliza\u00e7\u00e3o, amplia\u00e7\u00e3o da flexibiliza\u00e7\u00e3o, abertura controlada e novo normal. A mudan\u00e7a de cada fase ter\u00e1 um intervalo m\u00ednimo de 14 dias, mediante a crit\u00e9rios como a redu\u00e7\u00e3o do n\u00famero de casos por pelo menos 14 dias cont\u00ednuos, aplica\u00e7\u00e3o de testes r\u00e1pidos e a capacidade do sistema de Sa\u00fade.<\/p>\n\n\n\n<p>\u201cEsses par\u00e2metros geram uma nota para cada munic\u00edpio, que vai resultar numa bandeira final para cada um, fazendo com que a gente possa indicar e orientar o prefeito a tomar as medidas em fun\u00e7\u00e3o da necessidade desses scores\u201d, explicou.<\/p>\n\n\n\n<p>O governador afirmou, durante a transmiss\u00e3o ao vivo, que todos os segmentos da economia ser\u00e3o ouvidos a partir desta segunda-feira (1\u00ba), oportunidade em que as Secretarias e \u00f3rg\u00e3os do governo estadual ir\u00e3o apresentar o plano e receber sugest\u00f5es dos setores produtivos.<\/p>\n\n\n\n<p>\u201cEst\u00e1 no tempo de pensarmos na retomada e vamos conseguir isso, mas essa retomada precisa ser tranquila e baseada em dados para que a gente n\u00e3o precise recuar e que seja sempre um avan\u00e7o na vida de cada um de n\u00f3s. Vamos conseguir fazer isso com a ajuda da popula\u00e7\u00e3o, principalmente, dos segmentos econ\u00f4micos. N\u00f3s estamos no caminho certo e pe\u00e7o que todos confiem na estrutura que a Secretaria de Sa\u00fade montou para dar as respostas ao enfrentamento da pandemia porque o nosso compromisso \u00e9 com a vida e com o povo do nosso Estado. Vamos vencer e isso vai passar\u201d, disse Jo\u00e3o Azev\u00eado.<img decoding=\"async\" data-src=\"https:\/\/paraibaonline.com.br\/wp-content\/uploads\/2020\/05\/joao-azevedo-2-556x417.jpg\" alt=\"Foto: Secom\/PB\" data-srcset=\"https:\/\/paraibaonline.com.br\/wp-content\/uploads\/2020\/05\/joao-azevedo-2-556x417.jpg 556w, https:\/\/paraibaonline.com.br\/wp-content\/uploads\/2020\/05\/joao-azevedo-2.jpg 800w\" src=\"data:image\/svg+xml;base64,PHN2ZyB3aWR0aD0iMSIgaGVpZ2h0PSIxIiB4bWxucz0iaHR0cDovL3d3dy53My5vcmcvMjAwMC9zdmciPjwvc3ZnPg==\" class=\"lazyload\" style=\"--smush-placeholder-width: 556px; --smush-placeholder-aspect-ratio: 556\/417;\"><\/p>\n\n\n\n<p><strong>Presta\u00e7\u00e3o de contas<\/strong>&nbsp;\u2013 Durante a live, o governador Jo\u00e3o Azev\u00eado fez uma presta\u00e7\u00e3o de contas das a\u00e7\u00f5es do governo para o enfrentamento do coronav\u00edrus e destacou que a Para\u00edba est\u00e1 entre os dez Estados mais transparentes do pa\u00eds sobre a Covid-19, de acordo com o ranking no site Open Knowledge Brasil (OKBR).<\/p>\n\n\n\n<p>Na oportunidade, o chefe do Executivo estadual explicou que o Governo da Para\u00edba adquiriu 84 respiradores, que foram confiscados pelo Minist\u00e9rio da Sa\u00fade, no in\u00edcio do m\u00eas de abril, e que est\u00e3o sendo devolvidos ao Estado. Al\u00e9m disso, a gest\u00e3o estadual recuperou equipamentos, disponibilizando mais leitos para a popula\u00e7\u00e3o.<\/p>\n\n\n\n<p>Ele tamb\u00e9m informou que o Governo do Estado j\u00e1 contratou 3.525 profissionais de Sa\u00fade, sendo 233 m\u00e9dicos e j\u00e1 adquiriu 310 mil testes r\u00e1pidos que est\u00e3o sendo distribu\u00eddos com os munic\u00edpios, colocando a Para\u00edba como o segundo Estado do Nordeste no ranking de aplica\u00e7\u00e3o de testes e sexto no pa\u00eds, proporcionalmente. O Minist\u00e9rio da Sa\u00fade tamb\u00e9m enviou 147.180 mil kits de testes r\u00e1pidos para o Estado.<\/p>\n\n\n\n<p>O governador ainda afirmou que a Para\u00edba j\u00e1 implantou 839 leitos destinados a pacientes diagnosticados com a Covid-19 e anunciou a abertura da unidade 2 da Maternidade Frei Dami\u00e3o, em Jo\u00e3o Pessoa, e do Hospital de Cl\u00ednicas, em Campina Grande, garantindo a abertura de mais 243 leitos na primeira e na segunda macrorregi\u00f5es de Sa\u00fade.<\/p>\n\n\n\n<p>\u201cN\u00f3s estamos fazendo um esfor\u00e7o gigantesco para abrirmos 14 leitos por dia durante os 75 dias de pandemia que estamos vivendo para que a gente n\u00e3o tivesse filas de pessoas esperando atendimento m\u00e9dico\u201d, frisou.<\/p>\n","protected":false},"excerpt":{"rendered":"<p>O governador Jo\u00e3o Azev\u00eado apresentou, neste domingo (31), por meio de transmiss\u00e3o ao vivo nas redes sociais, o plano de retomada da atividade econ\u00f4mica na&hellip; <\/p>\n","protected":false},"author":2,"featured_media":171487,"comment_status":"closed","ping_status":"closed","sticky":false,"template":"","format":"standard","meta":{"sfsi_plus_gutenberg_text_before_share":"","sfsi_plus_gutenberg_show_text_before_share":"","sfsi_plus_gutenberg_icon_type":"","sfsi_plus_gutenberg_icon_alignemt":"","sfsi_plus_gutenburg_max_per_row":"","footnotes":""},"categories":[2],"tags":[],"class_list":["post-172254","post","type-post","status-publish","format-standard","has-post-thumbnail","hentry","category-geral"],"_links":{"self":[{"href":"https:\/\/www.caririemacao.com\/1\/wp-json\/wp\/v2\/posts\/172254","targetHints":{"allow":["GET"]}}],"collection":[{"href":"https:\/\/www.caririemacao.com\/1\/wp-json\/wp\/v2\/posts"}],"about":[{"href":"https:\/\/www.caririemacao.com\/1\/wp-json\/wp\/v2\/types\/post"}],"author":[{"embeddable":true,"href":"https:\/\/www.caririemacao.com\/1\/wp-json\/wp\/v2\/users\/2"}],"replies":[{"embeddable":true,"href":"https:\/\/www.caririemacao.com\/1\/wp-json\/wp\/v2\/comments?post=172254"}],"version-history":[{"count":1,"href":"https:\/\/www.caririemacao.com\/1\/wp-json\/wp\/v2\/posts\/172254\/revisions"}],"predecessor-version":[{"id":172255,"href":"https:\/\/www.caririemacao.com\/1\/wp-json\/wp\/v2\/posts\/172254\/revisions\/172255"}],"wp:featuredmedia":[{"embeddable":true,"href":"https:\/\/www.caririemacao.com\/1\/wp-json\/wp\/v2\/media\/171487"}],"wp:attachment":[{"href":"https:\/\/www.caririemacao.com\/1\/wp-json\/wp\/v2\/media?parent=172254"}],"wp:term":[{"taxonomy":"category","embeddable":true,"href":"https:\/\/www.caririemacao.com\/1\/wp-json\/wp\/v2\/categories?post=172254"},{"taxonomy":"post_tag","embeddable":true,"href":"https:\/\/www.caririemacao.com\/1\/wp-json\/wp\/v2\/tags?post=172254"}],"curies":[{"name":"wp","href":"https:\/\/api.w.org\/{rel}","templated":true}]}}