{"id":172257,"date":"2020-06-01T07:01:36","date_gmt":"2020-06-01T10:01:36","guid":{"rendered":"https:\/\/www.caririemacao.com\/1\/?p=172257"},"modified":"2020-06-01T07:01:36","modified_gmt":"2020-06-01T10:01:36","slug":"paraiba-confirma-mais-de-13-mil-casos-de-covid-19-mortes-tambem-aumentam","status":"publish","type":"post","link":"https:\/\/www.caririemacao.com\/1\/2020\/06\/01\/paraiba-confirma-mais-de-13-mil-casos-de-covid-19-mortes-tambem-aumentam\/","title":{"rendered":"Para\u00edba confirma mais de 13 mil casos de Covid-19; mortes tamb\u00e9m aumentam"},"content":{"rendered":"\n<h1 class=\"wp-block-heading\"><\/h1>\n\n\n\n<p>Neste domingo, 31 de maio, a Para\u00edba registra 300 novos casos de Covid-19 e 14 \u00f3bitos confirmados desde a ultima atualiza\u00e7\u00e3o.<\/p>\n\n\n\n<p>S\u00e3o 13.162 paraibanos que j\u00e1 contra\u00edram a doen\u00e7a, 2.492 pessoas que j\u00e1 se recuperaram e 360, infelizmente, faleceram.&nbsp;A diminui\u00e7\u00e3o do n\u00famero de notifica\u00e7\u00f5es no fim de semana n\u00e3o caracteriza a diminui\u00e7\u00e3o do n\u00famero de casos.<\/p>\n\n\n\n<p>Todos os sistemas de vigil\u00e2ncia dependem da operacionaliza\u00e7\u00e3o dos profissionais da aten\u00e7\u00e3o prim\u00e1ria, das secretarias municipais de Sa\u00fade, das unidades de pronto atendimento (UPAs) e dos hospitais, e alguns n\u00e3o trabalham no fim de semana.&nbsp;A ocupa\u00e7\u00e3o de leitos de UTI em todo o Estado \u00e9 de 72%.<\/p>\n\n\n\n<p>Se for feito um recorte apenas dos leitos de UTI para adultos na Regi\u00e3o Metropolitana de Jo\u00e3o Pessoa, 91% est\u00e3o ocupados. Em Campina Grande, est\u00e3o ocupados 63% de leitos de UTI adulto.<\/p>\n\n\n\n<p>No sert\u00e3o, 65% dos leitos de UTI est\u00e3o ocupados. Apenas, 43,5% da popula\u00e7\u00e3o seguiu a recomenda\u00e7\u00e3o de isolamento social.<\/p>\n\n\n\n<p>Os casos confirmados est\u00e3o em 194 dos 223 munic\u00edpios paraibanos:<\/p>\n\n\n\n<p>\u00c1gua Branca (2); Aguiar (1); Alagoa Grande (76); Alagoa Nova (33); Alagoinha (103); Alcantil (2) Alhandra (138); Amparo (12); Aparecida (6); Ara\u00e7agi (27); Arara (13); Araruna (2); Areia (55); Areia de Bara\u00fanas (1); Areial (9); Aroeiras (23); Assun\u00e7\u00e3o (6); Baia da Trai\u00e7\u00e3o (44); Bananeiras (26); Bara\u00fana (11) Barra de Santa Rosa (5); Barra de Santana (15); Barra de S\u00e3o Miguel (3); Bayeux (307); Bel\u00e9m (35); Bel\u00e9m do Brejo do Cruz (1); Boa Ventura (1);&nbsp; Boa Vista (29); Bom Jesus (1); Bonito de Santa F\u00e9 (1); Boqueir\u00e3o (20); Borborema (1);&nbsp; Brejo do Cruz (4); Caapor\u00e3 (353); Cabaceiras (1).<\/p>\n\n\n\n<p>&nbsp;Cabedelo (750); Cachoeira dos \u00cdndios (6); Cacimba de Areia (1); Cacimba de Dentro (24); Cacimbas (2); Cai\u00e7ara (23); Cajazeiras (90); Cajazeirinhas (1); Caldas Brand\u00e3o (15); Campina Grande (1519); Capim (39);&nbsp; Carrapateira (1); Casserengue (8); Catingueira (5), Catol\u00e9 do Rocha (45); Caturit\u00e9 (14); Concei\u00e7\u00e3o (4);&nbsp; Condado (38);&nbsp; Conde (95); Congo (11); Coremas (17); Coxixola (4); Cruz do Esp\u00edrito Santo (103); Cubati (1); Cuit\u00e9 (10);&nbsp; Cuit\u00e9 de Mamanguape (5); Cuiteg\u00ed (46); Curral de Cima (10); Dami\u00e3o (1); Desterro (9); Dona In\u00eas (2); Duas Estradas (20); Emas (1); Esperan\u00e7a (55); Fagundes (7).<\/p>\n\n\n\n<p>Gado Bravo (23);&nbsp; Guarabira (565); Gurinh\u00e9m (31); Gurj\u00e3o (15); Ibiara (4); Igaracy (2); Imaculada (9); Ing\u00e1 (62); Itabaiana (190); Itaporanga (3); Itapororoca (30); Itatuba (47); Jacara\u00fa (7); Jeric\u00f3 (2);&nbsp; Jo\u00e3o Pessoa (3959); Joca Claudino (1); Juarez T\u00e1vora (22); Juazeirinho (51);&nbsp; Junco do Serid\u00f3 (9); Juripiranga (87); Juru (4); Lagoa (3); Lagoa de Dentro (7); Lagoa Seca (75); Lastro (1); Logradouro (11); Lucena (54); M\u00e3e d\u2019\u00c1gua (2); Malta (11); Mamanguape (161); Mana\u00edra (2); Marca\u00e7\u00e3o (7);&nbsp; Mari (105); Mariz\u00f3polis (3); Massaranduba (22); Mataraca (24); Matinhas (14); Mato Grosso (3); Matureia (10); Mogeiro (4);&nbsp; Montadas (6); Monteiro (22); Mulungu (16).<\/p>\n\n\n\n<p>&nbsp;Natuba (7); Nova Floresta (1), Nova Olinda (2); Nova Palmeira (3); Olho D\u00b4\u00c1gua (13); Olivedos (2);&nbsp; Ouro Velho (1); Passagem (6); Patos (565); Paulista (17); Pedras de Fogo (245); Pedro R\u00e9gis (1); Pianc\u00f3 (15); Picu\u00ed (10); Pilar (38); Pil\u00f5es (10); Pil\u00f5ezinhos (51); Pirpirituba (20); Pitimbu (68); Pocinhos (7);&nbsp; Pombal (60); Princesa Isabel (8); Puxinan\u00e3 (29);&nbsp; Queimadas (95); Quixaba (4); Rem\u00edgio (42); Riach\u00e3o do Bacamarte (78);&nbsp; Riach\u00e3o do Po\u00e7o (1); Riacho de Santo Ant\u00f4nio (3); Riacho dos Cavalos (2); Rio Tinto (56); Salgadinho (5); Salgado de S\u00e3o Felix (25); Santa Cec\u00edlia (3); Santa Helena (1); Santa In\u00eas (1);&nbsp; Santa Luzia (47); Santa Rita (583); Santa Terezinha (13); Santana dos Garrotes (1).<\/p>\n\n\n\n<p>&nbsp;S\u00e3o Bentinho (9); S\u00e3o Bento (122); S\u00e3o Francisco (2);&nbsp; S\u00e3o Jo\u00e3o do Cariri (1); S\u00e3o Jo\u00e3o do Rio do Peixe (11); S\u00e3o Jo\u00e3o do Tigre (1); S\u00e3o Jos\u00e9 da Lagoa Tapada (13); S\u00e3o Jos\u00e9 de Caiana (10); S\u00e3o Jos\u00e9 de Espinharas (3); S\u00e3o Jos\u00e9 de Piranhas (5); S\u00e3o Jos\u00e9 do Bonfim (11); S\u00e3o Jos\u00e9 do Sabugi (61); S\u00e3o Jos\u00e9 dos Cordeiros (3); S\u00e3o Jos\u00e9 dos Ramos (10); S\u00e3o Mamede (13); S\u00e3o Miguel de Taipu (23); S\u00e3o Sebasti\u00e3o de Lagoa de Ro\u00e7a (4); S\u00e3o Sebasti\u00e3o do Umbuzeiro (1); S\u00e3o Vicente do Serid\u00f3 (12); Sap\u00e9 (201); Serra Branca (2); Serra da Ra\u00edz (10); Serra Grande (1); Serra Redonda (36); Serraria (11); Sert\u00e3ozinho (14); Sobrado (21); Sol\u00e2nea (64); Soledade (9); Sousa (186); Sum\u00e9 (20); Tacima (17); Tapero\u00e1 (33); Tavares (6); Teixeira (17); Ten\u00f3rio (1); Uira\u00fana (4); Umbuzeiro (16); V\u00e1rzea (1); Vieir\u00f3polis (2); Vista Serrana (1).<\/p>\n\n\n\n<p>Mais 14 \u00f3bitos foram confirmados<\/p>\n\n\n\n<p>Homem, 72 anos, hipertenso, residente em Campina Grande. In\u00edcio dos sintomas 05\/05, interno em hospital p\u00fablico, veio a \u00f3bito no dia 21\/05.<\/p>\n\n\n\n<p>Homem, 83 anos, hipertenso, residente em Campina Grande. In\u00edcio dos sintomas 04\/05, interno em hospital p\u00fablico, veio a \u00f3bito no dia 15\/05.<\/p>\n\n\n\n<p>Homem, 48 anos, sem informa\u00e7\u00e3o de comorbidade, residente em Campina Grande. Sem informa\u00e7\u00f5es de in\u00edcio dos sintomas, interno no dia 21\/05 em hospital p\u00fablico e veio a \u00f3bito no mesmo dia da interna\u00e7\u00e3o.<\/p>\n\n\n\n<p>Homem, 39 anos, sem comorbidade, residente em Campina Grande. In\u00edcio dos sintomas 09\/05, interno em hospital p\u00fablico, veio a \u00f3bito no dia 28\/05.<\/p>\n\n\n\n<p>Mulher, 95 anos, sem informa\u00e7\u00e3o de comorbidade, residente em Cruz do Esp\u00edrito Santo. In\u00edcio dos sintomas 11\/05, interna em hospital p\u00fablico, veio a \u00f3bito no dia 20\/05.<\/p>\n\n\n\n<p>Mulher, 91 anos, sem informa\u00e7\u00e3o de comorbidade, residente em Campina Grande. In\u00edcio dos sintomas 18\/05, interna em hospital p\u00fablico, veio a \u00f3bito no dia 20\/05.<\/p>\n\n\n\n<p>Homem, 89 anos, cardiopata, residente em Rem\u00edgio. In\u00edcio dos sintomas 14\/05, interno em hospital p\u00fablico, veio a \u00f3bito no dia 25\/05.<\/p>\n\n\n\n<p>Homem, idoso 65 anos sem informa\u00e7\u00e3o de comorbidade, residente em Jo\u00e3o Pessoa. In\u00edcio dos sintomas 15\/05, interno em hospital p\u00fablico, veio a \u00f3bito no dia 31\/05.<\/p>\n\n\n\n<p>Mulher, 92 anos, portadora de doen\u00e7a neurol\u00f3gica, hipertens\u00e3o, diabetes, residente em Jo\u00e3o Pessoa. In\u00edcio dos sintomas 05\/05, interna em hospital p\u00fablico, veio a \u00f3bito no dia 20\/05.<\/p>\n\n\n\n<p>Homem, 58 anos sem informa\u00e7\u00e3o de comorbidade, residente em Cruz do Esp\u00edrito Santo. In\u00edcio dos sintomas 29\/04, interno em hospital p\u00fablico, veio a \u00f3bito no dia 27\/05.<\/p>\n\n\n\n<p>Mulher, 66 anos, sem informa\u00e7\u00e3o de comorbidade, residente em Santa Rita. In\u00edcio dos sintomas 27\/04, interna em hospital p\u00fablico, veio a \u00f3bito no dia 09\/05.<\/p>\n\n\n\n<p>Homem, 37 anos, cardiopata, diab\u00e9tico, residente em Jo\u00e3o Pessoa. In\u00edcio dos sintomas 06\/05, interno em hospital p\u00fablico, veio a \u00f3bito no dia 12\/05.<\/p>\n\n\n\n<p>Homem, 80 anos, cardiopata, diab\u00e9tico, asm\u00e1tico, residente em Santa Rita. In\u00edcio dos sintomas 27\/04, interno em hospital p\u00fablico, veio a \u00f3bito no dia 10\/05.<\/p>\n\n\n\n<p>Homem, 92 anos com, cardiopata, diab\u00e9tico, residente em Jo\u00e3o Pessoa. In\u00edcio dos sintomas 13\/04, interno em hospital p\u00fablico, veio a \u00f3bito no dia 25\/05.<\/p>\n","protected":false},"excerpt":{"rendered":"<p>Neste domingo, 31 de maio, a Para\u00edba registra 300 novos casos de Covid-19 e 14 \u00f3bitos confirmados desde a ultima atualiza\u00e7\u00e3o. S\u00e3o 13.162 paraibanos que&hellip; <\/p>\n","protected":false},"author":2,"featured_media":172258,"comment_status":"closed","ping_status":"closed","sticky":false,"template":"","format":"standard","meta":{"sfsi_plus_gutenberg_text_before_share":"","sfsi_plus_gutenberg_show_text_before_share":"","sfsi_plus_gutenberg_icon_type":"","sfsi_plus_gutenberg_icon_alignemt":"","sfsi_plus_gutenburg_max_per_row":"","footnotes":""},"categories":[2],"tags":[],"class_list":["post-172257","post","type-post","status-publish","format-standard","has-post-thumbnail","hentry","category-geral"],"_links":{"self":[{"href":"https:\/\/www.caririemacao.com\/1\/wp-json\/wp\/v2\/posts\/172257","targetHints":{"allow":["GET"]}}],"collection":[{"href":"https:\/\/www.caririemacao.com\/1\/wp-json\/wp\/v2\/posts"}],"about":[{"href":"https:\/\/www.caririemacao.com\/1\/wp-json\/wp\/v2\/types\/post"}],"author":[{"embeddable":true,"href":"https:\/\/www.caririemacao.com\/1\/wp-json\/wp\/v2\/users\/2"}],"replies":[{"embeddable":true,"href":"https:\/\/www.caririemacao.com\/1\/wp-json\/wp\/v2\/comments?post=172257"}],"version-history":[{"count":1,"href":"https:\/\/www.caririemacao.com\/1\/wp-json\/wp\/v2\/posts\/172257\/revisions"}],"predecessor-version":[{"id":172259,"href":"https:\/\/www.caririemacao.com\/1\/wp-json\/wp\/v2\/posts\/172257\/revisions\/172259"}],"wp:featuredmedia":[{"embeddable":true,"href":"https:\/\/www.caririemacao.com\/1\/wp-json\/wp\/v2\/media\/172258"}],"wp:attachment":[{"href":"https:\/\/www.caririemacao.com\/1\/wp-json\/wp\/v2\/media?parent=172257"}],"wp:term":[{"taxonomy":"category","embeddable":true,"href":"https:\/\/www.caririemacao.com\/1\/wp-json\/wp\/v2\/categories?post=172257"},{"taxonomy":"post_tag","embeddable":true,"href":"https:\/\/www.caririemacao.com\/1\/wp-json\/wp\/v2\/tags?post=172257"}],"curies":[{"name":"wp","href":"https:\/\/api.w.org\/{rel}","templated":true}]}}