{"id":172261,"date":"2020-06-01T07:06:47","date_gmt":"2020-06-01T10:06:47","guid":{"rendered":"https:\/\/www.caririemacao.com\/1\/?p=172261"},"modified":"2020-06-01T07:06:47","modified_gmt":"2020-06-01T10:06:47","slug":"bolsonaro-usa-helicoptero-e-cavalo-em-ato-contra-stf-e-congresso","status":"publish","type":"post","link":"https:\/\/www.caririemacao.com\/1\/2020\/06\/01\/bolsonaro-usa-helicoptero-e-cavalo-em-ato-contra-stf-e-congresso\/","title":{"rendered":"Bolsonaro usa helic\u00f3ptero e cavalo em ato contra STF e Congresso"},"content":{"rendered":"\n<h1 class=\"wp-block-heading\"><\/h1>\n\n\n\n<p>Depois, desceu e caminhou para cumprimentar seus apoiadores que estavam em frente ao Planalto. Ele n\u00e3o utilizava m\u00e1scara, obrigat\u00f3ria no Distrito Federal como medida de combate \u00e0 Covid-19. Em seguida, andou a cavalo diante de manifestantes. o presidente n\u00e3o deu declara\u00e7\u00f5es.<\/p>\n\n\n\n<p>Na domingo passado (24), o presidente tamb\u00e9m havia utilizado um helic\u00f3ptero para sobrevoar a \u00e1rea.<\/p>\n\n\n\n<p>Desta vez, uma carreata e pessoas \u00e0 p\u00e9 se dirigiram \u00e0 Pra\u00e7a dos Tr\u00eas Poderes, onde um grupo se aglomerou \u00e0 espera do presidente da Rep\u00fablica.<\/p>\n\n\n\n<p>O helic\u00f3ptero, em um passeio de 40 minutos, deu pelo menos seis voltas na Esplanada e pousou por volta das 12h no Pal\u00e1cio do Planalto. O ministro da Defesa, Fernando Azevedo, acompanhou o presidente. Ap\u00f3s cumprimentar apoiadores, em frente ao Planalto, Bolsonaro retornou ao Alvorada de helic\u00f3ptero.<\/p>\n\n\n\n<p>Como tem ocorrido constantemente, o STF foi o principal alvo das palavras de ordem e das placas carregadas por manifestantes.<br>Placas afirmavam: \u201cSupremo \u00e9 o povo\u201d e \u201cAbaixo a ditadura do STF\u201d. Faixas faziam ataques ao Supremo e pediam interven\u00e7\u00e3o militar. Congressistas foram chamados de corruptos.<\/p>\n\n\n\n<p>Manifestantes demonstraram ainda apoio aos ministros Augusto Heleno (Gabinete de Seguran\u00e7a Institucional) e Abraham Weintraub (Educa\u00e7\u00e3o). \u201cFake news n\u00e3o \u00e9 crime\u201d, dizia uma faixa. O n\u00famero de manifestantes deste domingo era um pouco maior do que o da semana passada.<\/p>\n\n\n\n<p>Neste s\u00e1bado (30), sem compromissos oficiais previstos, Bolsonaro tamb\u00e9m usou um helic\u00f3ptero, desta vez para visitar cidades de Goi\u00e1s que ficam pr\u00f3ximas a Bras\u00edlia.<img decoding=\"async\" data-src=\"https:\/\/paraibaonline.com.br\/wp-content\/uploads\/2020\/05\/BOLSONARO-1-567x378.jpeg\" alt=\"Foto: Pedro Ladeira\/Folhapress\" data-srcset=\"https:\/\/paraibaonline.com.br\/wp-content\/uploads\/2020\/05\/BOLSONARO-1-567x378.jpeg 567w, https:\/\/paraibaonline.com.br\/wp-content\/uploads\/2020\/05\/BOLSONARO-1.jpeg 800w\" src=\"data:image\/svg+xml;base64,PHN2ZyB3aWR0aD0iMSIgaGVpZ2h0PSIxIiB4bWxucz0iaHR0cDovL3d3dy53My5vcmcvMjAwMC9zdmciPjwvc3ZnPg==\" class=\"lazyload\" style=\"--smush-placeholder-width: 567px; --smush-placeholder-aspect-ratio: 567\/378;\"><\/p>\n\n\n\n<p>Foto: Pedro Ladeira\/Folhapress<\/p>\n\n\n\n<p>De acordo com imagens publicadas por apoiadores nas redes sociais, sem usar m\u00e1scara, o presidente causou aglomera\u00e7\u00e3o em uma lanchonete no munic\u00edpio de Abadi\u00e2nia, contrariando orienta\u00e7\u00f5es sanit\u00e1rias e repetindo cenas provocadas por ele durante a pandemia do coronav\u00edr\u00fas.<\/p>\n\n\n\n<p>No in\u00edcio da madrugada deste domingo, um grupo de pessoas mascaradas carregando tochas protestou em frente ao STF (Supremo Tribunal Federal).<\/p>\n\n\n\n<p>Os manifestantes eram liderados por Sara Winter, investigada no inqu\u00e9rito contra fake news que tramita no STF.<\/p>\n\n\n\n<p>Ela \u00e9 um dos l\u00edderes do chamado movimento \u201cOs 300 do Brasil\u201d, grupo armado de extrema direita formado por apoiadores do presidente Jair Bolsonaro que acampam em Bras\u00edlia.<\/p>\n\n\n\n<p>Com m\u00e1scaras, roupas pretas e tochas, o grupo, formado por poucas dezenas de pessoas, desceu a Esplanada e, segundo imagens divulgadas por eles nas redes, se posicionou em frente ao Supremo.<\/p>\n\n\n\n<p>Mais cedo, Bolsonaro voltou a fazer ataques \u00e0 imprensa em publica\u00e7\u00e3o em redes sociais.<\/p>\n\n\n\n<p>\u201cO maior dos FAKE NEWS \u00e9 o \u2018gabinete do \u00f3dio\u2019 inventado pela imprensa\u201d, afirmou, em refer\u00eancia ao grupo alvo de investiga\u00e7\u00e3o no inqu\u00e9rito das fake news.<\/p>\n\n\n\n<p>\u201cAt\u00e9 o momento a Folha, Globo, Estad\u00e3o\u2026 n\u00e3o apontaram uma s\u00f3 fake news produzida pelo tal \u2018gabinete&#8217;\u201d, afirmou.<\/p>\n\n\n\n<p>Depois, Bolsonaro falou em \u201cm\u00eddia podre\u201d e citou a\u00e7\u00f5es do TSE (Tribunal Superior Eleitoral) sobre disparos de mensagens em massa de WhatsApp na campanha eleitoral.<\/p>\n\n\n\n<p>\u201cSer\u00e1 que, se eu chamar essa imprensa e negociar com ela alguns BILH\u00d5ES DE REAIS em propaganda, tudo isso se acaba?\u201d, afirmou.<\/p>\n","protected":false},"excerpt":{"rendered":"<p>Depois, desceu e caminhou para cumprimentar seus apoiadores que estavam em frente ao Planalto. Ele n\u00e3o utilizava m\u00e1scara, obrigat\u00f3ria no Distrito Federal como medida de&hellip; <\/p>\n","protected":false},"author":2,"featured_media":172262,"comment_status":"closed","ping_status":"closed","sticky":false,"template":"","format":"standard","meta":{"sfsi_plus_gutenberg_text_before_share":"","sfsi_plus_gutenberg_show_text_before_share":"","sfsi_plus_gutenberg_icon_type":"","sfsi_plus_gutenberg_icon_alignemt":"","sfsi_plus_gutenburg_max_per_row":"","footnotes":""},"categories":[11],"tags":[],"class_list":["post-172261","post","type-post","status-publish","format-standard","has-post-thumbnail","hentry","category-politica"],"_links":{"self":[{"href":"https:\/\/www.caririemacao.com\/1\/wp-json\/wp\/v2\/posts\/172261","targetHints":{"allow":["GET"]}}],"collection":[{"href":"https:\/\/www.caririemacao.com\/1\/wp-json\/wp\/v2\/posts"}],"about":[{"href":"https:\/\/www.caririemacao.com\/1\/wp-json\/wp\/v2\/types\/post"}],"author":[{"embeddable":true,"href":"https:\/\/www.caririemacao.com\/1\/wp-json\/wp\/v2\/users\/2"}],"replies":[{"embeddable":true,"href":"https:\/\/www.caririemacao.com\/1\/wp-json\/wp\/v2\/comments?post=172261"}],"version-history":[{"count":1,"href":"https:\/\/www.caririemacao.com\/1\/wp-json\/wp\/v2\/posts\/172261\/revisions"}],"predecessor-version":[{"id":172263,"href":"https:\/\/www.caririemacao.com\/1\/wp-json\/wp\/v2\/posts\/172261\/revisions\/172263"}],"wp:featuredmedia":[{"embeddable":true,"href":"https:\/\/www.caririemacao.com\/1\/wp-json\/wp\/v2\/media\/172262"}],"wp:attachment":[{"href":"https:\/\/www.caririemacao.com\/1\/wp-json\/wp\/v2\/media?parent=172261"}],"wp:term":[{"taxonomy":"category","embeddable":true,"href":"https:\/\/www.caririemacao.com\/1\/wp-json\/wp\/v2\/categories?post=172261"},{"taxonomy":"post_tag","embeddable":true,"href":"https:\/\/www.caririemacao.com\/1\/wp-json\/wp\/v2\/tags?post=172261"}],"curies":[{"name":"wp","href":"https:\/\/api.w.org\/{rel}","templated":true}]}}